{"id":916,"date":"2022-08-18T09:21:50","date_gmt":"2022-08-18T09:21:50","guid":{"rendered":"https:\/\/santamonica.archimadrid.es\/?p=916"},"modified":"2022-08-31T21:17:09","modified_gmt":"2022-08-31T21:17:09","slug":"novena-a-santa-monica-1","status":"publish","type":"post","link":"https:\/\/santamonica.archimadrid.es\/index.php\/2022\/08\/18\/novena-a-santa-monica-1\/","title":{"rendered":"NOVENA A SANTA M\u00d3NICA (1\/9)"},"content":{"rendered":"<figure class=\"wp-block-image aligncenter is-resized is-style-rounded\"><\/figure>\r\n<!-- \/wp:post-content -->\r\n\r\n<!-- wp:paragraph -->\r\n<p style=\"text-align: right;\"><strong> <img loading=\"lazy\" decoding=\"async\" class=\"aligncenter wp-image-1164\" src=\"https:\/\/santamonica.archimadrid.es\/wp-content\/uploads\/2022\/08\/S_M__NICA_C.jpg\" alt=\"\" width=\"400\" height=\"401\" srcset=\"https:\/\/santamonica.archimadrid.es\/wp-content\/uploads\/2022\/08\/S_M__NICA_C.jpg 299w, https:\/\/santamonica.archimadrid.es\/wp-content\/uploads\/2022\/08\/S_M__NICA_C-150x150.jpg 150w\" sizes=\"(max-width: 400px) 100vw, 400px\" \/> .<\/strong><\/p>\r\n<p><strong>Modelo de esposa y madre cristiana<\/strong><\/p>\r\n<!-- \/wp:paragraph -->\r\n\r\n<!-- wp:paragraph -->\r\n<p><em>Con textos b\u00edblicos para la misa<\/em><\/p>\r\n<!-- \/wp:paragraph -->\r\n\r\n<!-- wp:paragraph -->\r\n<p><em><strong>NOTA: Con esta novena nos unimos a todas las mujeres que desean sinceramente ser fieles a su vocaci\u00f3n de esposas y de madres cristianas. Asumimos sus alegr\u00edas y sus penas y les animamos a seguir los ejemplos de Santa M\u00f3nica.<\/strong><\/em><\/p>\r\n<!-- \/wp:paragraph -->\r\n\r\n<!-- wp:paragraph -->\r\n<p><em><strong>Que sus l\u00e1grimas y oraciones, unidas a su intercesi\u00f3n en el Cielo, hagan retornar a todos los esposos e hijos extraviados, como sucedi\u00f3 con Patricio y Agust\u00edn.<\/strong><\/em><\/p>\r\n<!-- \/wp:paragraph -->\r\n\r\n<!-- wp:paragraph -->\r\n<p><em><strong>No lo olvidemos: Dios es capaz de hacer milagros, milagros de conversi\u00f3n. \u00bfAcaso me complazco en la muerte del pecador? Por tanto, perseveremos en la oraci\u00f3n y veremos las obras de Dios. Am\u00e9n.<\/strong><\/em><\/p>\r\n<!-- \/wp:paragraph -->\r\n\r\n<!-- wp:paragraph -->\r\n<p><strong>Rito de entrada<\/strong><\/p>\r\n<!-- \/wp:paragraph -->\r\n\r\n<!-- wp:paragraph -->\r\n<p>V. Dios m\u00edo, ven en mi auxilio. R. Se\u00f1or, date prisa en socorrerme. Gloria al Padre\u2026<\/p>\r\n<!-- \/wp:paragraph -->\r\n\r\n<!-- wp:paragraph -->\r\n<p><strong>1. Oraci\u00f3n preparatoria<\/strong><\/p>\r\n<!-- \/wp:paragraph -->\r\n\r\n<!-- wp:paragraph -->\r\n<p>Padre y Se\u00f1or nuestro, misericordia de cuantos en ti esperan, t\u00fa concediste a tu sierva santa M\u00f3nica el don inapreciable de saber reconciliar las almas entre s\u00ed y contigo; danos a nosotros el ser mensajeros de uni\u00f3n y de paz en nuestros ambientes, sobre todo en la familia, y el poder llevar a ti los corazones de nuestros hermanos con el ejemplo de nuestra vida.<\/p>\r\n<!-- \/wp:paragraph -->\r\n\r\n<!-- wp:paragraph -->\r\n<p>T\u00fa que hiciste a M\u00f3nica modelo y ejemplo de esposas, de madres y de viudas, concede por su intercesi\u00f3n la paz y mutuo amor a los casados; el celo y la solicitud en la educaci\u00f3n de los hijos, a las madres; obediencia y docilidad, a los hijos; la santidad de vida, a las viudas; y a todos, el fiel seguimiento de Cristo, nuestro \u00fanico y verdadero maestro. Te lo pedimos por el mismo Jesucristo Nuestro Se\u00f1or. Am\u00e9n.<\/p>\r\n<!-- \/wp:paragraph -->\r\n\r\n<!-- wp:paragraph -->\r\n<p><strong>2. Textos b\u00edblicos y agustinianos para el d\u00eda primero<\/strong><\/p>\r\n<!-- \/wp:paragraph -->\r\n\r\n<!-- wp:paragraph -->\r\n<p><strong>EDUCACI\u00d3N CRISTIANA DE SANTA M\u00d3NICA<\/strong><\/p>\r\n<!-- \/wp:paragraph -->\r\n\r\n<!-- wp:paragraph -->\r\n<p><em><strong>1.- Textos b\u00edblicos para la misa<\/strong><\/em><\/p>\r\n<!-- \/wp:paragraph -->\r\n\r\n<!-- wp:paragraph -->\r\n<p>\u2022 Proverbios, 2, 1-15. Se esforzaba en ense\u00f1ar a sus hijos con todas sus fuerzas las buenas costumbres. M. Ag. p. 47. \u2022 Salmo 26, 1.3-5.11.13. M. Ag. p. 48-49. \u2022 Lucas, 2, 39-52. Jes\u00fas perdido y hallado en el Templo.<\/p>\r\n<!-- \/wp:paragraph -->\r\n\r\n<!-- wp:paragraph -->\r\n<p><strong><em>2.- Textos agustinianos<\/em><\/strong><\/p>\r\n<!-- \/wp:paragraph -->\r\n\r\n<!-- wp:paragraph -->\r\n<p>\u201cNo callar\u00e9, dice Agust\u00edn, ninguno de los sentimientos que brotan en mi alma, inspirados por aquella sierva vuestra que me dio a luz en la carne para que naciese a la vida temporal, y me dio a luz en su coraz\u00f3n para que renaciese a la vida eterna.<\/p>\r\n<!-- \/wp:paragraph -->\r\n\r\n<!-- wp:paragraph -->\r\n<p>No dir\u00e9 los dones de ella, sino vuestros dones en ella. Pues no se hizo ella a s\u00ed misma, ni se hab\u00eda creado a s\u00ed misma. La creaste t\u00fa (Dios), y ni su padre ni su madre sab\u00edan qu\u00e9 ser\u00eda ella. El Esp\u00edritu de vuestro Hijo \u00fanico la educ\u00f3 en vuestro temor, en el seno de una familia fiel, miembro bueno de vuestra Iglesia.<\/p>\r\n<!-- \/wp:paragraph -->\r\n\r\n<!-- wp:paragraph -->\r\n<p>No tanto mi madre alababa la diligencia de la suya por lo que hac\u00eda a su crianza, como la de una criada de casa. Por su ancianidad y por sus \u00f3ptimas costumbres en la casa cristiana, era tratada con suma deferencia por sus due\u00f1os. Por ellos, con diligencia, ten\u00eda el cuidado de las hijas de los se\u00f1ores, y las reprend\u00eda cuando era menester con severidad vehemente y santa, y las instru\u00eda con una presencia llena de sobriedad y tacto.<\/p>\r\n<!-- \/wp:paragraph -->\r\n\r\n<!-- wp:paragraph -->\r\n<p>Ella, aunque se abrasasen de sed fuera de aquellas horas en que com\u00edan con much\u00edsima templanza en la mesa de sus padres, no consent\u00eda a las hijas de sus amos beber ni agua clara. Precav\u00eda as\u00ed una costumbre funesta, y a\u00f1ad\u00eda al veto esta advertencia sensata: \u2018Ahora beb\u00e9is agua, porque no ten\u00e9is vino a mano; pero cuando se\u00e1is casadas, con las llaves en el cinto de despensas y bodegas, el agua os heder\u00e1, y prevalecer\u00e1 el instinto de beber\u2019.<\/p>\r\n<!-- \/wp:paragraph -->\r\n\r\n<!-- wp:paragraph -->\r\n<p>Con este sistema de aconsejar y con la autoridad de mandar refrenaba la avidez de la edad tierna y ajustaba la sed de las muchachas a una morigerada templanza, para que no les agradase aquello que no les estaba bien\u201d\u00a0<em>(Confesiones 9, 8).<\/em><\/p>\r\n<!-- \/wp:paragraph -->\r\n\r\n<!-- wp:paragraph -->\r\n<p><strong>3. Oraci\u00f3n de los fieles<\/strong><\/p>\r\n<!-- \/wp:paragraph -->\r\n\r\n<!-- wp:paragraph -->\r\n<p>Dios, Nuestro Se\u00f1or, concedi\u00f3 a santa M\u00f3nica la conversi\u00f3n de su esposo Patricio y de su hijo Agust\u00edn. Pidamos por intercesi\u00f3n de ella un esp\u00edritu de verdadera conversi\u00f3n y una verdadera comprensi\u00f3n y amor a los dem\u00e1s.<\/p>\r\n<!-- \/wp:paragraph -->\r\n\r\n<!-- wp:paragraph -->\r\n<p>Despu\u00e9s de cada invocaci\u00f3n:\u00a0<em>Se\u00f1or, que tu gracia nos santifique.<\/em><\/p>\r\n<!-- \/wp:paragraph -->\r\n\r\n<!-- wp:paragraph -->\r\n<p>\u2013 Por todos los c\u00f3nyuges cristianos que tienen dificultades en su vida familiar, para que sepan ofrecerse mutuamente consuelo y ayuda. Oremos. R.\u00a0<em>Se\u00f1or, que tu gracia nos santifique.<\/em><\/p>\r\n<!-- \/wp:paragraph -->\r\n\r\n<!-- wp:paragraph -->\r\n<p>\u2013 Por todas las madres cristianas del mundo, para que sepan conducir a sus hijos hacia ti. Oremos. R.\u00a0<em>Se\u00f1or, que tu gracia nos santifique.<\/em><\/p>\r\n<!-- \/wp:paragraph -->\r\n\r\n<!-- wp:paragraph -->\r\n<p>\u2013 Por cuantos sufren soledad y abandono en la sociedad o sufren por las debilidades morales de sus seres queridos. Oremos. R.\u00a0<em>Se\u00f1or, que tu gracia nos santifique.<\/em><\/p>\r\n<!-- \/wp:paragraph -->\r\n\r\n<!-- wp:paragraph -->\r\n<p>\u2013 Por todos los que buscan la verdad y trabajan por ser fieles a tus preceptos y ense\u00f1anzas. Oremos. R.\u00a0<em>Se\u00f1or, que tu gracia nos santifique.<\/em><\/p>\r\n<!-- \/wp:paragraph -->\r\n\r\n<!-- wp:paragraph -->\r\n<p>\u2013 Por el florecimiento de vocaciones a la vida agustino-recoleta seglar y religiosa, y por la perseverancia y fidelidad de cuantos se han comprometido a seguir a Cristo imitando a san Agust\u00edn. Oremos. R.\u00a0<em>Se\u00f1or, que tu gracia nos santifique.<\/em><\/p>\r\n<!-- \/wp:paragraph -->\r\n\r\n<!-- wp:paragraph -->\r\n<p>\u2013 Por todos los ni\u00f1os, para que sean d\u00f3ciles a sus educadores y crezcan en la fe, la esperanza y el amor. Oremos. R.\u00a0<em>Se\u00f1or, que tu gracia nos santifique.<\/em><\/p>\r\n<!-- \/wp:paragraph -->\r\n\r\n<!-- wp:paragraph -->\r\n<p>\u2013 Por los padres y educadores cristianos, para que, colaborando con Dios, siembren en el coraz\u00f3n de los ni\u00f1os el don de la vocaci\u00f3n religiosa y sacerdotal. Oremos. R.\u00a0<em>Se\u00f1or, que tu gracia nos santifique.<\/em><\/p>\r\n<!-- \/wp:paragraph -->\r\n\r\n<!-- wp:paragraph -->\r\n<p>\u2013 Por las esposas cristianas a fin de que, imitando a santa M\u00f3nica, se conviertan en el signo m\u00e1s visible del infinito amor de Dios hacia los suyos, y en el sacramento de la ternura de Dios en la propia familia, la peque\u00f1a iglesia. Oremos. R.\u00a0<em>Se\u00f1or, que tu gracia nos santifique.<\/em><\/p>\r\n<!-- \/wp:paragraph -->\r\n\r\n<!-- wp:paragraph -->\r\n<p><em>Se pide la gracia que se desea alcanzar (pausa).<\/em><\/p>\r\n<!-- \/wp:paragraph -->\r\n\r\n<!-- wp:paragraph -->\r\n<p>4.\u00a0<strong>Oraci\u00f3n final<\/strong><\/p>\r\n<!-- \/wp:paragraph -->\r\n\r\n<!-- wp:paragraph -->\r\n<p>Escucha, Padre de bondad, nuestras oraciones, y t\u00fa que concediste a santa M\u00f3nica que con su vida, sus oraciones y sus l\u00e1grimas ganara para ti a su marido Patricio y a su hijo Agust\u00edn, conc\u00e9denos, por su intercesi\u00f3n, que hagamos de nuestras vidas una ofrenda perenne en tu honor y al servicio de los hermanos.<\/p>\r\n<!-- \/wp:paragraph -->\r\n\r\n<!-- wp:paragraph -->\r\n<p>Por nuestro Se\u00f1or Jesucristo, tu Hijo, que vive y reina contigo en la unidad del Esp\u00edritu Santo y es Dios por los siglos de los siglos. Am\u00e9n.<\/p>\r\n<!-- \/wp:paragraph -->\r\n\r\n<!-- wp:paragraph -->\r\n<p><strong>Rito de despedida<\/strong><\/p>\r\n<!-- \/wp:paragraph -->\r\n\r\n<!-- wp:paragraph -->\r\n<p>El Se\u00f1or nos bendiga, nos guarde de todo mal y nos lleve a la vida eterna. Am\u00e9n.<\/p>\r\n<!-- \/wp:paragraph -->\r\n\r\n<!-- wp:paragraph -->\r\n<p>V. Bienaventurada santa M\u00f3nica<\/p>\r\n<p>R. Ruega por nosotros.<\/p>\r\n<p>V. Glorioso padre san Agust\u00edn<\/p>\r\n<p>R. Ruega por nosotros.<\/p>\r\n<!-- \/wp:paragraph -->","protected":false},"excerpt":{"rendered":"<p>. Modelo de esposa y madre cristiana Con textos b\u00edblicos para la misa NOTA: Con esta novena nos unimos a todas las mujeres que desean sinceramente ser fieles a su vocaci\u00f3n de esposas y de madres cristianas. Asumimos sus alegr\u00edas y sus penas y les animamos a seguir los ejemplos de Santa M\u00f3nica. Que sus [&hellip;]<\/p>\n","protected":false},"author":1,"featured_media":0,"comment_status":"open","ping_status":"closed","sticky":false,"template":"","format":"standard","meta":{"_et_pb_use_builder":"","_et_pb_old_content":"","_et_gb_content_width":"","cybocfi_hide_featured_image":"","_jetpack_memberships_contains_paid_content":false,"footnotes":""},"categories":[25,14,22],"tags":[26],"class_list":["post-916","post","type-post","status-publish","format-standard","hentry","category-novenas","category-santa-monica","category-santos-agustinos","tag-novena-a-santa-monica"],"yoast_head":"<!-- This site is optimized with the Yoast SEO plugin v27.5 - https:\/\/yoast.com\/product\/yoast-seo-wordpress\/ -->\n<title>NOVENA A SANTA M\u00d3NICA (1\/9) - Parroquia de Santa M\u00f3nica Agustinos Recoletos<\/title>\n<meta name=\"description\" content=\"Novena Santa M\u00f3nica modelo madre y esposa cristiana. Fiesta 27 agosto. Oraci\u00f3n por la familia. Oraci\u00f3n por los hijos. Educaci\u00f3n Cristiana.\" \/>\n<meta name=\"robots\" content=\"index, follow, max-snippet:-1, max-image-preview:large, max-video-preview:-1\" \/>\n<link rel=\"canonical\" href=\"https:\/\/santamonica.archimadrid.es\/index.php\/2022\/08\/18\/novena-a-santa-monica-1\/\" \/>\n<meta property=\"og:locale\" content=\"es_ES\" \/>\n<meta property=\"og:type\" content=\"article\" \/>\n<meta property=\"og:title\" content=\"NOVENA A SANTA M\u00d3NICA (1\/9) - Parroquia de Santa M\u00f3nica Agustinos Recoletos\" \/>\n<meta property=\"og:description\" content=\"Novena Santa M\u00f3nica modelo madre y esposa cristiana. Fiesta 27 agosto. Oraci\u00f3n por la familia. Oraci\u00f3n por los hijos. Educaci\u00f3n Cristiana.\" \/>\n<meta property=\"og:url\" content=\"https:\/\/santamonica.archimadrid.es\/index.php\/2022\/08\/18\/novena-a-santa-monica-1\/\" \/>\n<meta property=\"og:site_name\" content=\"Parroquia de Santa M\u00f3nica Agustinos Recoletos\" \/>\n<meta property=\"article:published_time\" content=\"2022-08-18T09:21:50+00:00\" \/>\n<meta property=\"article:modified_time\" content=\"2022-08-31T21:17:09+00:00\" \/>\n<meta property=\"og:image\" content=\"https:\/\/santamonica.archimadrid.es\/wp-content\/uploads\/2022\/08\/S_M__NICA_C.jpg\" \/>\n<meta name=\"author\" content=\"admin\" \/>\n<meta name=\"twitter:card\" content=\"summary_large_image\" \/>\n<meta name=\"twitter:label1\" content=\"Escrito por\" \/>\n\t<meta name=\"twitter:data1\" content=\"admin\" \/>\n\t<meta name=\"twitter:label2\" content=\"Tiempo de lectura\" \/>\n\t<meta name=\"twitter:data2\" content=\"6 minutos\" \/>\n<script type=\"application\/ld+json\" class=\"yoast-schema-graph\">{\"@context\":\"https:\\\/\\\/schema.org\",\"@graph\":[{\"@type\":\"Article\",\"@id\":\"https:\\\/\\\/santamonica.archimadrid.es\\\/index.php\\\/2022\\\/08\\\/18\\\/novena-a-santa-monica-1\\\/#article\",\"isPartOf\":{\"@id\":\"https:\\\/\\\/santamonica.archimadrid.es\\\/index.php\\\/2022\\\/08\\\/18\\\/novena-a-santa-monica-1\\\/\"},\"author\":{\"name\":\"admin\",\"@id\":\"https:\\\/\\\/santamonica.archimadrid.es\\\/#\\\/schema\\\/person\\\/4927175b4d58d4c40097a9455f609de3\"},\"headline\":\"NOVENA A SANTA M\u00d3NICA (1\\\/9)\",\"datePublished\":\"2022-08-18T09:21:50+00:00\",\"dateModified\":\"2022-08-31T21:17:09+00:00\",\"mainEntityOfPage\":{\"@id\":\"https:\\\/\\\/santamonica.archimadrid.es\\\/index.php\\\/2022\\\/08\\\/18\\\/novena-a-santa-monica-1\\\/\"},\"wordCount\":1179,\"commentCount\":3,\"publisher\":{\"@id\":\"https:\\\/\\\/santamonica.archimadrid.es\\\/#organization\"},\"image\":{\"@id\":\"https:\\\/\\\/santamonica.archimadrid.es\\\/index.php\\\/2022\\\/08\\\/18\\\/novena-a-santa-monica-1\\\/#primaryimage\"},\"thumbnailUrl\":\"https:\\\/\\\/santamonica.archimadrid.es\\\/wp-content\\\/uploads\\\/2022\\\/08\\\/S_M__NICA_C.jpg\",\"keywords\":[\"Novena a Santa M\u00f3nica\"],\"articleSection\":[\"Novenas\",\"Santa M\u00f3nica\",\"Santos Agustinos\"],\"inLanguage\":\"es\",\"potentialAction\":[{\"@type\":\"CommentAction\",\"name\":\"Comment\",\"target\":[\"https:\\\/\\\/santamonica.archimadrid.es\\\/index.php\\\/2022\\\/08\\\/18\\\/novena-a-santa-monica-1\\\/#respond\"]}]},{\"@type\":\"WebPage\",\"@id\":\"https:\\\/\\\/santamonica.archimadrid.es\\\/index.php\\\/2022\\\/08\\\/18\\\/novena-a-santa-monica-1\\\/\",\"url\":\"https:\\\/\\\/santamonica.archimadrid.es\\\/index.php\\\/2022\\\/08\\\/18\\\/novena-a-santa-monica-1\\\/\",\"name\":\"NOVENA A SANTA M\u00d3NICA (1\\\/9) - Parroquia de Santa M\u00f3nica Agustinos Recoletos\",\"isPartOf\":{\"@id\":\"https:\\\/\\\/santamonica.archimadrid.es\\\/#website\"},\"primaryImageOfPage\":{\"@id\":\"https:\\\/\\\/santamonica.archimadrid.es\\\/index.php\\\/2022\\\/08\\\/18\\\/novena-a-santa-monica-1\\\/#primaryimage\"},\"image\":{\"@id\":\"https:\\\/\\\/santamonica.archimadrid.es\\\/index.php\\\/2022\\\/08\\\/18\\\/novena-a-santa-monica-1\\\/#primaryimage\"},\"thumbnailUrl\":\"https:\\\/\\\/santamonica.archimadrid.es\\\/wp-content\\\/uploads\\\/2022\\\/08\\\/S_M__NICA_C.jpg\",\"datePublished\":\"2022-08-18T09:21:50+00:00\",\"dateModified\":\"2022-08-31T21:17:09+00:00\",\"description\":\"Novena Santa M\u00f3nica modelo madre y esposa cristiana. Fiesta 27 agosto. Oraci\u00f3n por la familia. Oraci\u00f3n por los hijos. Educaci\u00f3n Cristiana.\",\"breadcrumb\":{\"@id\":\"https:\\\/\\\/santamonica.archimadrid.es\\\/index.php\\\/2022\\\/08\\\/18\\\/novena-a-santa-monica-1\\\/#breadcrumb\"},\"inLanguage\":\"es\",\"potentialAction\":[{\"@type\":\"ReadAction\",\"target\":[\"https:\\\/\\\/santamonica.archimadrid.es\\\/index.php\\\/2022\\\/08\\\/18\\\/novena-a-santa-monica-1\\\/\"]}]},{\"@type\":\"ImageObject\",\"inLanguage\":\"es\",\"@id\":\"https:\\\/\\\/santamonica.archimadrid.es\\\/index.php\\\/2022\\\/08\\\/18\\\/novena-a-santa-monica-1\\\/#primaryimage\",\"url\":\"https:\\\/\\\/santamonica.archimadrid.es\\\/wp-content\\\/uploads\\\/2022\\\/08\\\/S_M__NICA_C.jpg\",\"contentUrl\":\"https:\\\/\\\/santamonica.archimadrid.es\\\/wp-content\\\/uploads\\\/2022\\\/08\\\/S_M__NICA_C.jpg\",\"width\":299,\"height\":300},{\"@type\":\"BreadcrumbList\",\"@id\":\"https:\\\/\\\/santamonica.archimadrid.es\\\/index.php\\\/2022\\\/08\\\/18\\\/novena-a-santa-monica-1\\\/#breadcrumb\",\"itemListElement\":[{\"@type\":\"ListItem\",\"position\":1,\"name\":\"Portada\",\"item\":\"https:\\\/\\\/santamonica.archimadrid.es\\\/\"},{\"@type\":\"ListItem\",\"position\":2,\"name\":\"NOVENA A SANTA M\u00d3NICA (1\\\/9)\"}]},{\"@type\":\"WebSite\",\"@id\":\"https:\\\/\\\/santamonica.archimadrid.es\\\/#website\",\"url\":\"https:\\\/\\\/santamonica.archimadrid.es\\\/\",\"name\":\"Parroquia de Santa M\u00f3nica Agustinos Recoletos\",\"description\":\"P\u00e1gina oficial de la Parroquia Santa M\u00f3nica. Actividades parroquiales, noticias de la parroquia y de la iglesia. Servicios Parroquiales. Sacramentos. Devoci\u00f3n a Santa M\u00f3nica, madre de San Agust\u00edn. Promoci\u00f3n Madres Cristianas Santa M\u00f3nica. Oraci\u00f3n por la fe de los hijos y de las familias Devoci\u00f3n a San Ezequiel Moreno. Oraci\u00f3n por los enfermos.\",\"publisher\":{\"@id\":\"https:\\\/\\\/santamonica.archimadrid.es\\\/#organization\"},\"potentialAction\":[{\"@type\":\"SearchAction\",\"target\":{\"@type\":\"EntryPoint\",\"urlTemplate\":\"https:\\\/\\\/santamonica.archimadrid.es\\\/?s={search_term_string}\"},\"query-input\":{\"@type\":\"PropertyValueSpecification\",\"valueRequired\":true,\"valueName\":\"search_term_string\"}}],\"inLanguage\":\"es\"},{\"@type\":\"Organization\",\"@id\":\"https:\\\/\\\/santamonica.archimadrid.es\\\/#organization\",\"name\":\"Parroquia de Santa M\u00f3nica Agustinos Recoletos\",\"url\":\"https:\\\/\\\/santamonica.archimadrid.es\\\/\",\"logo\":{\"@type\":\"ImageObject\",\"inLanguage\":\"es\",\"@id\":\"https:\\\/\\\/santamonica.archimadrid.es\\\/#\\\/schema\\\/logo\\\/image\\\/\",\"url\":\"https:\\\/\\\/santamonica.archimadrid.es\\\/wp-content\\\/uploads\\\/2022\\\/09\\\/icono_parroquia_tamonica-1.jpg\",\"contentUrl\":\"https:\\\/\\\/santamonica.archimadrid.es\\\/wp-content\\\/uploads\\\/2022\\\/09\\\/icono_parroquia_tamonica-1.jpg\",\"width\":1440,\"height\":1776,\"caption\":\"Parroquia de Santa M\u00f3nica Agustinos Recoletos\"},\"image\":{\"@id\":\"https:\\\/\\\/santamonica.archimadrid.es\\\/#\\\/schema\\\/logo\\\/image\\\/\"}},{\"@type\":\"Person\",\"@id\":\"https:\\\/\\\/santamonica.archimadrid.es\\\/#\\\/schema\\\/person\\\/4927175b4d58d4c40097a9455f609de3\",\"name\":\"admin\",\"image\":{\"@type\":\"ImageObject\",\"inLanguage\":\"es\",\"@id\":\"https:\\\/\\\/secure.gravatar.com\\\/avatar\\\/7898691b75ee12f4c1b3d2e97ebe759359e855b227fcc4e81d27339110715d2a?s=96&d=mm&r=g\",\"url\":\"https:\\\/\\\/secure.gravatar.com\\\/avatar\\\/7898691b75ee12f4c1b3d2e97ebe759359e855b227fcc4e81d27339110715d2a?s=96&d=mm&r=g\",\"contentUrl\":\"https:\\\/\\\/secure.gravatar.com\\\/avatar\\\/7898691b75ee12f4c1b3d2e97ebe759359e855b227fcc4e81d27339110715d2a?s=96&d=mm&r=g\",\"caption\":\"admin\"},\"sameAs\":[\"https:\\\/\\\/santamonica.archimadrid.es\"],\"url\":\"https:\\\/\\\/santamonica.archimadrid.es\\\/index.php\\\/author\\\/stamonica\\\/\"}]}<\/script>\n<!-- \/ Yoast SEO plugin. -->","yoast_head_json":{"title":"NOVENA A SANTA M\u00d3NICA (1\/9) - Parroquia de Santa M\u00f3nica Agustinos Recoletos","description":"Novena Santa M\u00f3nica modelo madre y esposa cristiana. Fiesta 27 agosto. Oraci\u00f3n por la familia. Oraci\u00f3n por los hijos. Educaci\u00f3n Cristiana.","robots":{"index":"index","follow":"follow","max-snippet":"max-snippet:-1","max-image-preview":"max-image-preview:large","max-video-preview":"max-video-preview:-1"},"canonical":"https:\/\/santamonica.archimadrid.es\/index.php\/2022\/08\/18\/novena-a-santa-monica-1\/","og_locale":"es_ES","og_type":"article","og_title":"NOVENA A SANTA M\u00d3NICA (1\/9) - Parroquia de Santa M\u00f3nica Agustinos Recoletos","og_description":"Novena Santa M\u00f3nica modelo madre y esposa cristiana. Fiesta 27 agosto. Oraci\u00f3n por la familia. Oraci\u00f3n por los hijos. Educaci\u00f3n Cristiana.","og_url":"https:\/\/santamonica.archimadrid.es\/index.php\/2022\/08\/18\/novena-a-santa-monica-1\/","og_site_name":"Parroquia de Santa M\u00f3nica Agustinos Recoletos","article_published_time":"2022-08-18T09:21:50+00:00","article_modified_time":"2022-08-31T21:17:09+00:00","og_image":[{"url":"https:\/\/santamonica.archimadrid.es\/wp-content\/uploads\/2022\/08\/S_M__NICA_C.jpg","type":"","width":"","height":""}],"author":"admin","twitter_card":"summary_large_image","twitter_misc":{"Escrito por":"admin","Tiempo de lectura":"6 minutos"},"schema":{"@context":"https:\/\/schema.org","@graph":[{"@type":"Article","@id":"https:\/\/santamonica.archimadrid.es\/index.php\/2022\/08\/18\/novena-a-santa-monica-1\/#article","isPartOf":{"@id":"https:\/\/santamonica.archimadrid.es\/index.php\/2022\/08\/18\/novena-a-santa-monica-1\/"},"author":{"name":"admin","@id":"https:\/\/santamonica.archimadrid.es\/#\/schema\/person\/4927175b4d58d4c40097a9455f609de3"},"headline":"NOVENA A SANTA M\u00d3NICA (1\/9)","datePublished":"2022-08-18T09:21:50+00:00","dateModified":"2022-08-31T21:17:09+00:00","mainEntityOfPage":{"@id":"https:\/\/santamonica.archimadrid.es\/index.php\/2022\/08\/18\/novena-a-santa-monica-1\/"},"wordCount":1179,"commentCount":3,"publisher":{"@id":"https:\/\/santamonica.archimadrid.es\/#organization"},"image":{"@id":"https:\/\/santamonica.archimadrid.es\/index.php\/2022\/08\/18\/novena-a-santa-monica-1\/#primaryimage"},"thumbnailUrl":"https:\/\/santamonica.archimadrid.es\/wp-content\/uploads\/2022\/08\/S_M__NICA_C.jpg","keywords":["Novena a Santa M\u00f3nica"],"articleSection":["Novenas","Santa M\u00f3nica","Santos Agustinos"],"inLanguage":"es","potentialAction":[{"@type":"CommentAction","name":"Comment","target":["https:\/\/santamonica.archimadrid.es\/index.php\/2022\/08\/18\/novena-a-santa-monica-1\/#respond"]}]},{"@type":"WebPage","@id":"https:\/\/santamonica.archimadrid.es\/index.php\/2022\/08\/18\/novena-a-santa-monica-1\/","url":"https:\/\/santamonica.archimadrid.es\/index.php\/2022\/08\/18\/novena-a-santa-monica-1\/","name":"NOVENA A SANTA M\u00d3NICA (1\/9) - Parroquia de Santa M\u00f3nica Agustinos Recoletos","isPartOf":{"@id":"https:\/\/santamonica.archimadrid.es\/#website"},"primaryImageOfPage":{"@id":"https:\/\/santamonica.archimadrid.es\/index.php\/2022\/08\/18\/novena-a-santa-monica-1\/#primaryimage"},"image":{"@id":"https:\/\/santamonica.archimadrid.es\/index.php\/2022\/08\/18\/novena-a-santa-monica-1\/#primaryimage"},"thumbnailUrl":"https:\/\/santamonica.archimadrid.es\/wp-content\/uploads\/2022\/08\/S_M__NICA_C.jpg","datePublished":"2022-08-18T09:21:50+00:00","dateModified":"2022-08-31T21:17:09+00:00","description":"Novena Santa M\u00f3nica modelo madre y esposa cristiana. Fiesta 27 agosto. Oraci\u00f3n por la familia. Oraci\u00f3n por los hijos. Educaci\u00f3n Cristiana.","breadcrumb":{"@id":"https:\/\/santamonica.archimadrid.es\/index.php\/2022\/08\/18\/novena-a-santa-monica-1\/#breadcrumb"},"inLanguage":"es","potentialAction":[{"@type":"ReadAction","target":["https:\/\/santamonica.archimadrid.es\/index.php\/2022\/08\/18\/novena-a-santa-monica-1\/"]}]},{"@type":"ImageObject","inLanguage":"es","@id":"https:\/\/santamonica.archimadrid.es\/index.php\/2022\/08\/18\/novena-a-santa-monica-1\/#primaryimage","url":"https:\/\/santamonica.archimadrid.es\/wp-content\/uploads\/2022\/08\/S_M__NICA_C.jpg","contentUrl":"https:\/\/santamonica.archimadrid.es\/wp-content\/uploads\/2022\/08\/S_M__NICA_C.jpg","width":299,"height":300},{"@type":"BreadcrumbList","@id":"https:\/\/santamonica.archimadrid.es\/index.php\/2022\/08\/18\/novena-a-santa-monica-1\/#breadcrumb","itemListElement":[{"@type":"ListItem","position":1,"name":"Portada","item":"https:\/\/santamonica.archimadrid.es\/"},{"@type":"ListItem","position":2,"name":"NOVENA A SANTA M\u00d3NICA (1\/9)"}]},{"@type":"WebSite","@id":"https:\/\/santamonica.archimadrid.es\/#website","url":"https:\/\/santamonica.archimadrid.es\/","name":"Parroquia de Santa M\u00f3nica Agustinos Recoletos","description":"P\u00e1gina oficial de la Parroquia Santa M\u00f3nica. Actividades parroquiales, noticias de la parroquia y de la iglesia. Servicios Parroquiales. Sacramentos. Devoci\u00f3n a Santa M\u00f3nica, madre de San Agust\u00edn. Promoci\u00f3n Madres Cristianas Santa M\u00f3nica. Oraci\u00f3n por la fe de los hijos y de las familias Devoci\u00f3n a San Ezequiel Moreno. Oraci\u00f3n por los enfermos.","publisher":{"@id":"https:\/\/santamonica.archimadrid.es\/#organization"},"potentialAction":[{"@type":"SearchAction","target":{"@type":"EntryPoint","urlTemplate":"https:\/\/santamonica.archimadrid.es\/?s={search_term_string}"},"query-input":{"@type":"PropertyValueSpecification","valueRequired":true,"valueName":"search_term_string"}}],"inLanguage":"es"},{"@type":"Organization","@id":"https:\/\/santamonica.archimadrid.es\/#organization","name":"Parroquia de Santa M\u00f3nica Agustinos Recoletos","url":"https:\/\/santamonica.archimadrid.es\/","logo":{"@type":"ImageObject","inLanguage":"es","@id":"https:\/\/santamonica.archimadrid.es\/#\/schema\/logo\/image\/","url":"https:\/\/santamonica.archimadrid.es\/wp-content\/uploads\/2022\/09\/icono_parroquia_tamonica-1.jpg","contentUrl":"https:\/\/santamonica.archimadrid.es\/wp-content\/uploads\/2022\/09\/icono_parroquia_tamonica-1.jpg","width":1440,"height":1776,"caption":"Parroquia de Santa M\u00f3nica Agustinos Recoletos"},"image":{"@id":"https:\/\/santamonica.archimadrid.es\/#\/schema\/logo\/image\/"}},{"@type":"Person","@id":"https:\/\/santamonica.archimadrid.es\/#\/schema\/person\/4927175b4d58d4c40097a9455f609de3","name":"admin","image":{"@type":"ImageObject","inLanguage":"es","@id":"https:\/\/secure.gravatar.com\/avatar\/7898691b75ee12f4c1b3d2e97ebe759359e855b227fcc4e81d27339110715d2a?s=96&d=mm&r=g","url":"https:\/\/secure.gravatar.com\/avatar\/7898691b75ee12f4c1b3d2e97ebe759359e855b227fcc4e81d27339110715d2a?s=96&d=mm&r=g","contentUrl":"https:\/\/secure.gravatar.com\/avatar\/7898691b75ee12f4c1b3d2e97ebe759359e855b227fcc4e81d27339110715d2a?s=96&d=mm&r=g","caption":"admin"},"sameAs":["https:\/\/santamonica.archimadrid.es"],"url":"https:\/\/santamonica.archimadrid.es\/index.php\/author\/stamonica\/"}]}},"jetpack_featured_media_url":"","jetpack_sharing_enabled":true,"_links":{"self":[{"href":"https:\/\/santamonica.archimadrid.es\/index.php\/wp-json\/wp\/v2\/posts\/916","targetHints":{"allow":["GET"]}}],"collection":[{"href":"https:\/\/santamonica.archimadrid.es\/index.php\/wp-json\/wp\/v2\/posts"}],"about":[{"href":"https:\/\/santamonica.archimadrid.es\/index.php\/wp-json\/wp\/v2\/types\/post"}],"author":[{"embeddable":true,"href":"https:\/\/santamonica.archimadrid.es\/index.php\/wp-json\/wp\/v2\/users\/1"}],"replies":[{"embeddable":true,"href":"https:\/\/santamonica.archimadrid.es\/index.php\/wp-json\/wp\/v2\/comments?post=916"}],"version-history":[{"count":15,"href":"https:\/\/santamonica.archimadrid.es\/index.php\/wp-json\/wp\/v2\/posts\/916\/revisions"}],"predecessor-version":[{"id":1166,"href":"https:\/\/santamonica.archimadrid.es\/index.php\/wp-json\/wp\/v2\/posts\/916\/revisions\/1166"}],"wp:attachment":[{"href":"https:\/\/santamonica.archimadrid.es\/index.php\/wp-json\/wp\/v2\/media?parent=916"}],"wp:term":[{"taxonomy":"category","embeddable":true,"href":"https:\/\/santamonica.archimadrid.es\/index.php\/wp-json\/wp\/v2\/categories?post=916"},{"taxonomy":"post_tag","embeddable":true,"href":"https:\/\/santamonica.archimadrid.es\/index.php\/wp-json\/wp\/v2\/tags?post=916"}],"curies":[{"name":"wp","href":"https:\/\/api.w.org\/{rel}","templated":true}]}}