{"id":457,"date":"2022-01-04T19:06:37","date_gmt":"2022-01-04T19:06:37","guid":{"rendered":"https:\/\/santamonica.archimadrid.es\/?p=457"},"modified":"2022-09-07T11:14:22","modified_gmt":"2022-09-07T11:14:22","slug":"parroquia-de-santa-monica-el-santuario-madrileno-de-la-oracion-de-las-madres","status":"publish","type":"post","link":"https:\/\/santamonica.archimadrid.es\/index.php\/2022\/01\/04\/parroquia-de-santa-monica-el-santuario-madrileno-de-la-oracion-de-las-madres\/","title":{"rendered":"Parroquia de Santa M\u00f3nica: el Santuario madrile\u00f1o de la oraci\u00f3n de las madres"},"content":{"rendered":"<p><img loading=\"lazy\" decoding=\"async\" class=\"wp-image-134 aligncenter\" src=\"https:\/\/santamonica.archimadrid.es\/wp-content\/uploads\/2021\/12\/fachada-1-225x300.jpg\" alt=\"\" width=\"528\" height=\"704\" srcset=\"https:\/\/santamonica.archimadrid.es\/wp-content\/uploads\/2021\/12\/fachada-1-225x300.jpg 225w, https:\/\/santamonica.archimadrid.es\/wp-content\/uploads\/2021\/12\/fachada-1.jpg 450w\" sizes=\"(max-width: 528px) 100vw, 528px\" \/><\/p>\n<p>&nbsp;<\/p>\n<p><strong>Parroquia de Santa M\u00f3nica: el Santuario madrile\u00f1o de la oraci\u00f3n de las madres<\/strong><\/p>\n<p><em><strong>La vida parroquial, en el barrio de Salamanca, ha vuelto a la normalidad despu\u00e9s de la pandemia<\/strong><\/em><\/p>\n<p><a href=\"https:\/\/www.abc.es\/autor\/jose-francisco-serrano-oceja-1765\/\">Jos\u00e9 Francisco Serrano Oceja<\/a>\u00a0\u2013\u00a0<strong>MADRID<\/strong>:23\/10\/2021<\/p>\n<p>\u00abYo no me imagino un cielo para m\u00ed si falta alguno de mis hijos\u00bb. \u00abRepita, por favor, la frase\u00bb, le ped\u00ed al P. Ismael Ojeda, prior de la comunidad de religiosos Agustinos Recoletos y p\u00e1rroco de Santa M\u00f3nica. Y el P. Ismael, un \u2018joven\u2019 con m\u00e1s de treinta a\u00f1os de servicio misionero (en Per\u00fa, Venezuela y Argentina), que fue nombrado hace algo m\u00e1s de un a\u00f1o p\u00e1rroco y tiene tanta ilusi\u00f3n y ganas como si fuera su primer destino, me repiti\u00f3 de nuevo la frase sin pesta\u00f1ear.<\/p>\n<p>Aunque parezca que originariamente sali\u00f3 de los labios de Santa M\u00f3nica, aunque recoja perfectamente el esp\u00edritu de aquel maternal empe\u00f1o que hizo derramar tantas l\u00e1grimas a la madre de San Agust\u00edn,\u00a0<strong>esa frase la pronunci\u00f3 una feligresa<\/strong>\u00a0de la parroquia de Santa M\u00f3nica. He aqu\u00ed el Santuario de la oraci\u00f3n de las madres cristianas por la fe de sus hijos.<\/p>\n<p>Estamos en el Barrio Salamanca, calle del Pr\u00edncipe de Vergara, 87. Una zona del barrio de mayoritarias personas mayores, en una parroquia que ha sido, desde hace mucho tiempo, un centro hist\u00f3rico del carisma\u00a0<strong>de los Agustinos Recoletos,<\/strong>\u00a0la rama de los Agustinos que naci\u00f3 a principios de diciembre de 1588, en el cap\u00edtulo de Toledo, como fruto de esa reforma que quer\u00eda volver a los ideales primitivos de la orden. Fray Luis de Le\u00f3n, Felipe II, esa Iglesia en Espa\u00f1a de la que Benedicto XVI hab\u00eda dicho que instaur\u00f3 otra forma de entender la modernidad, eso s\u00ed, cat\u00f3lica.<\/p>\n<p>De 1914 a 1930 fue Curia General de los Agustinos Recoletos. Posteriormente se traslad\u00f3 a Brasil, aunque en el per\u00edodo de 1961-2004 volvi\u00f3 a ser el centro administrativo de esa Orden Religiosa.<\/p>\n<p>El dise\u00f1o de la construcci\u00f3n del templo comenz\u00f3 en 1945 y se finaliz\u00f3 en 1965 siguiendo los planos del arquitecto Jos\u00e9 Manuel Gonz\u00e1lez-Valc\u00e1rcel. Un modelo cl\u00e1sico de arquitectura, con un exterior sencillo, una \u00fanica nave con seis tramos y sobre el crucero una c\u00fapula en cuyo anillo se lee la representativa afirmaci\u00f3n de San Agust\u00edn: \u00abNos hiciste Se\u00f1or para ti y nuestro coraz\u00f3n est\u00e1 inquieto hasta que descanse en ti\u00bb.<\/p>\n<p>Grandes vidrieras emplomadas con escenas de la vida del santo de Tagaste, realizadas por la casa Maumejean. Y tambi\u00e9n las pinturas, hoy esperando una reforma que recupere los colores originarios, realizadas por Talavera. Organizaci\u00f3n escult\u00f3rica sencilla con im\u00e1genes de santos propios del carisma agustino, de entre los que\u00a0<strong>hay que destacar a san Ezequiel Moreno,<\/strong>\u00a0obispo santo canonizado en Am\u00e9rica por san Juan Pablo II y patrono de las personas con c\u00e1ncer.<\/p>\n<p>De hecho, durante los d\u00edas 19 de cada mes se celebra una misa de oraci\u00f3n por las personas con c\u00e1ncer, que tiene aqu\u00ed su santo intercesor, dado que san Ezequiel muri\u00f3 de esa enfermedad.<\/p>\n<p>La vida parroquial ha vuelto a la normalidad despu\u00e9s de la pandemia. Adem\u00e1s, se encuentra en un per\u00edodo de ilusionada esperanza gracias a la reestructuraci\u00f3n que se ha producido en la Orden de los Agustinos Recoletos con la reunificaci\u00f3n de las Provincias y el camino sinodal iniciado, tambi\u00e9n en la parroquia. Por cierto, \u00e9ste es el primer p\u00e1rroco que me encuentro que me habla del camino sinodal.<\/p>\n<p>Ahora, con el P. Ismael Ojeda al frente,\u00a0<strong>en una comunidad de siete religiosos,<\/strong>\u00a0con uno joven, menor de setenta a\u00f1os, que desarrolla tambi\u00e9n las labores de administrador, en consonancia con el carisma de los Agustinos se ha retomado la intensa labor apost\u00f3lica de acompa\u00f1amiento de las personas mayores, de atenci\u00f3n sacramental, \u2013un dato clave de esta iglesia, las misas y confesiones\u2013, de cuidado de la liturgia, de animaci\u00f3n de las celebraciones con un magn\u00edfico coro, de animaci\u00f3n del grupo de personas mayores y de fortalecimiento de la vida espiritual a trav\u00e9s de la devoci\u00f3n a Santa M\u00f3nica.<\/p>\n<p>La cadena de oraci\u00f3n de las Asociaci\u00f3n de Madres Cristianas Santa M\u00f3nica juega un papel clave. Por cierto, oraci\u00f3n de las madres cuyo texto es una delicia.<\/p>\n<p>Un dato significativo de esta parroquia\u00a0<strong>es el trabajo de C\u00e1ritas,<\/strong>\u00a0que coordina Antonio Ortiz. M\u00e1s de cincuenta kilos de alimentos que se entregan mensualmente a medio centenar de familias. Alimentos que proceden de las ayudas europeas y del Banco de Alimentos. Una caridad que est\u00e1 abierta a la colaboraci\u00f3n de las parroquias del arciprestazgo.<\/p>\n<p>Como dice el P. Ismael Ojeda, con sencillez y bajo la sombra de San Agust\u00edn y de Santa M\u00f3nica, la parroquia comienza un nuevo tiempo, un nuevo ahora.<\/p>\n<p><a href=\"https:\/\/www.abc.es\/espana\/madrid\/abci-parroquia-santa-monica-santuario-madrileno-oracion-madres-202110221651_noticia.html\" rel=\"nofollow\">https:\/\/www.abc.es\/espana\/madrid\/abci-parroquia-santa-monica-santuario-madrileno-oracion-madres-202110221651_noticia.html<\/a><\/p>\n","protected":false},"excerpt":{"rendered":"<p>&nbsp; Parroquia de Santa M\u00f3nica: el Santuario madrile\u00f1o de la oraci\u00f3n de las madres La vida parroquial, en el barrio de Salamanca, ha vuelto a la normalidad despu\u00e9s de la pandemia Jos\u00e9 Francisco Serrano Oceja\u00a0\u2013\u00a0MADRID:23\/10\/2021 \u00abYo no me imagino un cielo para m\u00ed si falta alguno de mis hijos\u00bb. \u00abRepita, por favor, la frase\u00bb, le [&hellip;]<\/p>\n","protected":false},"author":1,"featured_media":458,"comment_status":"open","ping_status":"closed","sticky":false,"template":"","format":"standard","meta":{"_et_pb_use_builder":"","_et_pb_old_content":"","_et_gb_content_width":"","cybocfi_hide_featured_image":"yes","_jetpack_memberships_contains_paid_content":false,"footnotes":""},"categories":[11,12,14],"tags":[],"class_list":["post-457","post","type-post","status-publish","format-standard","has-post-thumbnail","hentry","category-madres-monicas","category-oracion","category-santa-monica"],"yoast_head":"<!-- This site is optimized with the Yoast SEO plugin v27.5 - https:\/\/yoast.com\/product\/yoast-seo-wordpress\/ -->\n<title>Parroquia de Santa M\u00f3nica: el Santuario madrile\u00f1o de la oraci\u00f3n de las madres - Parroquia de Santa M\u00f3nica Agustinos Recoletos<\/title>\n<meta name=\"description\" content=\"Santuario madrile\u00f1o de la oraci\u00f3n de las madres por la fe de sus hijos. Santa M\u00f3nica madre de San Agust\u00edn. Oraci\u00f3n madre y esposa cristiana.\" \/>\n<meta name=\"robots\" content=\"index, follow, max-snippet:-1, max-image-preview:large, max-video-preview:-1\" \/>\n<link rel=\"canonical\" href=\"https:\/\/santamonica.archimadrid.es\/index.php\/2022\/01\/04\/parroquia-de-santa-monica-el-santuario-madrileno-de-la-oracion-de-las-madres\/\" \/>\n<meta property=\"og:locale\" content=\"es_ES\" \/>\n<meta property=\"og:type\" content=\"article\" \/>\n<meta property=\"og:title\" content=\"Parroquia de Santa M\u00f3nica: el Santuario madrile\u00f1o de la oraci\u00f3n de las madres - Parroquia de Santa M\u00f3nica Agustinos Recoletos\" \/>\n<meta property=\"og:description\" content=\"Santuario madrile\u00f1o de la oraci\u00f3n de las madres por la fe de sus hijos. Santa M\u00f3nica madre de San Agust\u00edn. Oraci\u00f3n madre y esposa cristiana.\" \/>\n<meta property=\"og:url\" content=\"https:\/\/santamonica.archimadrid.es\/index.php\/2022\/01\/04\/parroquia-de-santa-monica-el-santuario-madrileno-de-la-oracion-de-las-madres\/\" \/>\n<meta property=\"og:site_name\" content=\"Parroquia de Santa M\u00f3nica Agustinos Recoletos\" \/>\n<meta property=\"article:published_time\" content=\"2022-01-04T19:06:37+00:00\" \/>\n<meta property=\"article:modified_time\" content=\"2022-09-07T11:14:22+00:00\" \/>\n<meta property=\"og:image\" content=\"https:\/\/santamonica.archimadrid.es\/wp-content\/uploads\/2022\/01\/fachada.jpg\" \/>\n\t<meta property=\"og:image:width\" content=\"768\" \/>\n\t<meta property=\"og:image:height\" content=\"1024\" \/>\n\t<meta property=\"og:image:type\" content=\"image\/jpeg\" \/>\n<meta name=\"author\" content=\"admin\" \/>\n<meta name=\"twitter:card\" content=\"summary_large_image\" \/>\n<meta name=\"twitter:label1\" content=\"Escrito por\" \/>\n\t<meta name=\"twitter:data1\" content=\"admin\" \/>\n\t<meta name=\"twitter:label2\" content=\"Tiempo de lectura\" \/>\n\t<meta name=\"twitter:data2\" content=\"4 minutos\" \/>\n<script type=\"application\/ld+json\" class=\"yoast-schema-graph\">{\"@context\":\"https:\\\/\\\/schema.org\",\"@graph\":[{\"@type\":\"Article\",\"@id\":\"https:\\\/\\\/santamonica.archimadrid.es\\\/index.php\\\/2022\\\/01\\\/04\\\/parroquia-de-santa-monica-el-santuario-madrileno-de-la-oracion-de-las-madres\\\/#article\",\"isPartOf\":{\"@id\":\"https:\\\/\\\/santamonica.archimadrid.es\\\/index.php\\\/2022\\\/01\\\/04\\\/parroquia-de-santa-monica-el-santuario-madrileno-de-la-oracion-de-las-madres\\\/\"},\"author\":{\"name\":\"admin\",\"@id\":\"https:\\\/\\\/santamonica.archimadrid.es\\\/#\\\/schema\\\/person\\\/4927175b4d58d4c40097a9455f609de3\"},\"headline\":\"Parroquia de Santa M\u00f3nica: el Santuario madrile\u00f1o de la oraci\u00f3n de las madres\",\"datePublished\":\"2022-01-04T19:06:37+00:00\",\"dateModified\":\"2022-09-07T11:14:22+00:00\",\"mainEntityOfPage\":{\"@id\":\"https:\\\/\\\/santamonica.archimadrid.es\\\/index.php\\\/2022\\\/01\\\/04\\\/parroquia-de-santa-monica-el-santuario-madrileno-de-la-oracion-de-las-madres\\\/\"},\"wordCount\":858,\"commentCount\":0,\"publisher\":{\"@id\":\"https:\\\/\\\/santamonica.archimadrid.es\\\/#organization\"},\"image\":{\"@id\":\"https:\\\/\\\/santamonica.archimadrid.es\\\/index.php\\\/2022\\\/01\\\/04\\\/parroquia-de-santa-monica-el-santuario-madrileno-de-la-oracion-de-las-madres\\\/#primaryimage\"},\"thumbnailUrl\":\"https:\\\/\\\/santamonica.archimadrid.es\\\/wp-content\\\/uploads\\\/2022\\\/01\\\/fachada.jpg\",\"articleSection\":[\"Madres M\u00f3nicas\",\"Oraci\u00f3n\",\"Santa M\u00f3nica\"],\"inLanguage\":\"es\",\"potentialAction\":[{\"@type\":\"CommentAction\",\"name\":\"Comment\",\"target\":[\"https:\\\/\\\/santamonica.archimadrid.es\\\/index.php\\\/2022\\\/01\\\/04\\\/parroquia-de-santa-monica-el-santuario-madrileno-de-la-oracion-de-las-madres\\\/#respond\"]}]},{\"@type\":\"WebPage\",\"@id\":\"https:\\\/\\\/santamonica.archimadrid.es\\\/index.php\\\/2022\\\/01\\\/04\\\/parroquia-de-santa-monica-el-santuario-madrileno-de-la-oracion-de-las-madres\\\/\",\"url\":\"https:\\\/\\\/santamonica.archimadrid.es\\\/index.php\\\/2022\\\/01\\\/04\\\/parroquia-de-santa-monica-el-santuario-madrileno-de-la-oracion-de-las-madres\\\/\",\"name\":\"Parroquia de Santa M\u00f3nica: el Santuario madrile\u00f1o de la oraci\u00f3n de las madres - Parroquia de Santa M\u00f3nica Agustinos Recoletos\",\"isPartOf\":{\"@id\":\"https:\\\/\\\/santamonica.archimadrid.es\\\/#website\"},\"primaryImageOfPage\":{\"@id\":\"https:\\\/\\\/santamonica.archimadrid.es\\\/index.php\\\/2022\\\/01\\\/04\\\/parroquia-de-santa-monica-el-santuario-madrileno-de-la-oracion-de-las-madres\\\/#primaryimage\"},\"image\":{\"@id\":\"https:\\\/\\\/santamonica.archimadrid.es\\\/index.php\\\/2022\\\/01\\\/04\\\/parroquia-de-santa-monica-el-santuario-madrileno-de-la-oracion-de-las-madres\\\/#primaryimage\"},\"thumbnailUrl\":\"https:\\\/\\\/santamonica.archimadrid.es\\\/wp-content\\\/uploads\\\/2022\\\/01\\\/fachada.jpg\",\"datePublished\":\"2022-01-04T19:06:37+00:00\",\"dateModified\":\"2022-09-07T11:14:22+00:00\",\"description\":\"Santuario madrile\u00f1o de la oraci\u00f3n de las madres por la fe de sus hijos. Santa M\u00f3nica madre de San Agust\u00edn. Oraci\u00f3n madre y esposa cristiana.\",\"breadcrumb\":{\"@id\":\"https:\\\/\\\/santamonica.archimadrid.es\\\/index.php\\\/2022\\\/01\\\/04\\\/parroquia-de-santa-monica-el-santuario-madrileno-de-la-oracion-de-las-madres\\\/#breadcrumb\"},\"inLanguage\":\"es\",\"potentialAction\":[{\"@type\":\"ReadAction\",\"target\":[\"https:\\\/\\\/santamonica.archimadrid.es\\\/index.php\\\/2022\\\/01\\\/04\\\/parroquia-de-santa-monica-el-santuario-madrileno-de-la-oracion-de-las-madres\\\/\"]}]},{\"@type\":\"BreadcrumbList\",\"@id\":\"https:\\\/\\\/santamonica.archimadrid.es\\\/index.php\\\/2022\\\/01\\\/04\\\/parroquia-de-santa-monica-el-santuario-madrileno-de-la-oracion-de-las-madres\\\/#breadcrumb\",\"itemListElement\":[{\"@type\":\"ListItem\",\"position\":1,\"name\":\"Portada\",\"item\":\"https:\\\/\\\/santamonica.archimadrid.es\\\/\"},{\"@type\":\"ListItem\",\"position\":2,\"name\":\"Parroquia de Santa M\u00f3nica: el Santuario madrile\u00f1o de la oraci\u00f3n de las madres\"}]},{\"@type\":\"WebSite\",\"@id\":\"https:\\\/\\\/santamonica.archimadrid.es\\\/#website\",\"url\":\"https:\\\/\\\/santamonica.archimadrid.es\\\/\",\"name\":\"Parroquia de Santa M\u00f3nica Agustinos Recoletos\",\"description\":\"P\u00e1gina oficial de la Parroquia Santa M\u00f3nica. Actividades parroquiales, noticias de la parroquia y de la iglesia. Servicios Parroquiales. Sacramentos. Devoci\u00f3n a Santa M\u00f3nica, madre de San Agust\u00edn. Promoci\u00f3n Madres Cristianas Santa M\u00f3nica. Oraci\u00f3n por la fe de los hijos y de las familias Devoci\u00f3n a San Ezequiel Moreno. Oraci\u00f3n por los enfermos.\",\"publisher\":{\"@id\":\"https:\\\/\\\/santamonica.archimadrid.es\\\/#organization\"},\"potentialAction\":[{\"@type\":\"SearchAction\",\"target\":{\"@type\":\"EntryPoint\",\"urlTemplate\":\"https:\\\/\\\/santamonica.archimadrid.es\\\/?s={search_term_string}\"},\"query-input\":{\"@type\":\"PropertyValueSpecification\",\"valueRequired\":true,\"valueName\":\"search_term_string\"}}],\"inLanguage\":\"es\"},{\"@type\":\"Organization\",\"@id\":\"https:\\\/\\\/santamonica.archimadrid.es\\\/#organization\",\"name\":\"Parroquia de Santa M\u00f3nica Agustinos Recoletos\",\"url\":\"https:\\\/\\\/santamonica.archimadrid.es\\\/\",\"logo\":{\"@type\":\"ImageObject\",\"inLanguage\":\"es\",\"@id\":\"https:\\\/\\\/santamonica.archimadrid.es\\\/#\\\/schema\\\/logo\\\/image\\\/\",\"url\":\"https:\\\/\\\/santamonica.archimadrid.es\\\/wp-content\\\/uploads\\\/2022\\\/09\\\/icono_parroquia_tamonica-1.jpg\",\"contentUrl\":\"https:\\\/\\\/santamonica.archimadrid.es\\\/wp-content\\\/uploads\\\/2022\\\/09\\\/icono_parroquia_tamonica-1.jpg\",\"width\":1440,\"height\":1776,\"caption\":\"Parroquia de Santa M\u00f3nica Agustinos Recoletos\"},\"image\":{\"@id\":\"https:\\\/\\\/santamonica.archimadrid.es\\\/#\\\/schema\\\/logo\\\/image\\\/\"}},{\"@type\":\"Person\",\"@id\":\"https:\\\/\\\/santamonica.archimadrid.es\\\/#\\\/schema\\\/person\\\/4927175b4d58d4c40097a9455f609de3\",\"name\":\"admin\",\"image\":{\"@type\":\"ImageObject\",\"inLanguage\":\"es\",\"@id\":\"https:\\\/\\\/secure.gravatar.com\\\/avatar\\\/7898691b75ee12f4c1b3d2e97ebe759359e855b227fcc4e81d27339110715d2a?s=96&d=mm&r=g\",\"url\":\"https:\\\/\\\/secure.gravatar.com\\\/avatar\\\/7898691b75ee12f4c1b3d2e97ebe759359e855b227fcc4e81d27339110715d2a?s=96&d=mm&r=g\",\"contentUrl\":\"https:\\\/\\\/secure.gravatar.com\\\/avatar\\\/7898691b75ee12f4c1b3d2e97ebe759359e855b227fcc4e81d27339110715d2a?s=96&d=mm&r=g\",\"caption\":\"admin\"},\"sameAs\":[\"https:\\\/\\\/santamonica.archimadrid.es\"],\"url\":\"https:\\\/\\\/santamonica.archimadrid.es\\\/index.php\\\/author\\\/stamonica\\\/\"}]}<\/script>\n<!-- \/ Yoast SEO plugin. -->","yoast_head_json":{"title":"Parroquia de Santa M\u00f3nica: el Santuario madrile\u00f1o de la oraci\u00f3n de las madres - Parroquia de Santa M\u00f3nica Agustinos Recoletos","description":"Santuario madrile\u00f1o de la oraci\u00f3n de las madres por la fe de sus hijos. Santa M\u00f3nica madre de San Agust\u00edn. Oraci\u00f3n madre y esposa cristiana.","robots":{"index":"index","follow":"follow","max-snippet":"max-snippet:-1","max-image-preview":"max-image-preview:large","max-video-preview":"max-video-preview:-1"},"canonical":"https:\/\/santamonica.archimadrid.es\/index.php\/2022\/01\/04\/parroquia-de-santa-monica-el-santuario-madrileno-de-la-oracion-de-las-madres\/","og_locale":"es_ES","og_type":"article","og_title":"Parroquia de Santa M\u00f3nica: el Santuario madrile\u00f1o de la oraci\u00f3n de las madres - Parroquia de Santa M\u00f3nica Agustinos Recoletos","og_description":"Santuario madrile\u00f1o de la oraci\u00f3n de las madres por la fe de sus hijos. Santa M\u00f3nica madre de San Agust\u00edn. Oraci\u00f3n madre y esposa cristiana.","og_url":"https:\/\/santamonica.archimadrid.es\/index.php\/2022\/01\/04\/parroquia-de-santa-monica-el-santuario-madrileno-de-la-oracion-de-las-madres\/","og_site_name":"Parroquia de Santa M\u00f3nica Agustinos Recoletos","article_published_time":"2022-01-04T19:06:37+00:00","article_modified_time":"2022-09-07T11:14:22+00:00","og_image":[{"width":768,"height":1024,"url":"https:\/\/santamonica.archimadrid.es\/wp-content\/uploads\/2022\/01\/fachada.jpg","type":"image\/jpeg"}],"author":"admin","twitter_card":"summary_large_image","twitter_misc":{"Escrito por":"admin","Tiempo de lectura":"4 minutos"},"schema":{"@context":"https:\/\/schema.org","@graph":[{"@type":"Article","@id":"https:\/\/santamonica.archimadrid.es\/index.php\/2022\/01\/04\/parroquia-de-santa-monica-el-santuario-madrileno-de-la-oracion-de-las-madres\/#article","isPartOf":{"@id":"https:\/\/santamonica.archimadrid.es\/index.php\/2022\/01\/04\/parroquia-de-santa-monica-el-santuario-madrileno-de-la-oracion-de-las-madres\/"},"author":{"name":"admin","@id":"https:\/\/santamonica.archimadrid.es\/#\/schema\/person\/4927175b4d58d4c40097a9455f609de3"},"headline":"Parroquia de Santa M\u00f3nica: el Santuario madrile\u00f1o de la oraci\u00f3n de las madres","datePublished":"2022-01-04T19:06:37+00:00","dateModified":"2022-09-07T11:14:22+00:00","mainEntityOfPage":{"@id":"https:\/\/santamonica.archimadrid.es\/index.php\/2022\/01\/04\/parroquia-de-santa-monica-el-santuario-madrileno-de-la-oracion-de-las-madres\/"},"wordCount":858,"commentCount":0,"publisher":{"@id":"https:\/\/santamonica.archimadrid.es\/#organization"},"image":{"@id":"https:\/\/santamonica.archimadrid.es\/index.php\/2022\/01\/04\/parroquia-de-santa-monica-el-santuario-madrileno-de-la-oracion-de-las-madres\/#primaryimage"},"thumbnailUrl":"https:\/\/santamonica.archimadrid.es\/wp-content\/uploads\/2022\/01\/fachada.jpg","articleSection":["Madres M\u00f3nicas","Oraci\u00f3n","Santa M\u00f3nica"],"inLanguage":"es","potentialAction":[{"@type":"CommentAction","name":"Comment","target":["https:\/\/santamonica.archimadrid.es\/index.php\/2022\/01\/04\/parroquia-de-santa-monica-el-santuario-madrileno-de-la-oracion-de-las-madres\/#respond"]}]},{"@type":"WebPage","@id":"https:\/\/santamonica.archimadrid.es\/index.php\/2022\/01\/04\/parroquia-de-santa-monica-el-santuario-madrileno-de-la-oracion-de-las-madres\/","url":"https:\/\/santamonica.archimadrid.es\/index.php\/2022\/01\/04\/parroquia-de-santa-monica-el-santuario-madrileno-de-la-oracion-de-las-madres\/","name":"Parroquia de Santa M\u00f3nica: el Santuario madrile\u00f1o de la oraci\u00f3n de las madres - Parroquia de Santa M\u00f3nica Agustinos Recoletos","isPartOf":{"@id":"https:\/\/santamonica.archimadrid.es\/#website"},"primaryImageOfPage":{"@id":"https:\/\/santamonica.archimadrid.es\/index.php\/2022\/01\/04\/parroquia-de-santa-monica-el-santuario-madrileno-de-la-oracion-de-las-madres\/#primaryimage"},"image":{"@id":"https:\/\/santamonica.archimadrid.es\/index.php\/2022\/01\/04\/parroquia-de-santa-monica-el-santuario-madrileno-de-la-oracion-de-las-madres\/#primaryimage"},"thumbnailUrl":"https:\/\/santamonica.archimadrid.es\/wp-content\/uploads\/2022\/01\/fachada.jpg","datePublished":"2022-01-04T19:06:37+00:00","dateModified":"2022-09-07T11:14:22+00:00","description":"Santuario madrile\u00f1o de la oraci\u00f3n de las madres por la fe de sus hijos. Santa M\u00f3nica madre de San Agust\u00edn. Oraci\u00f3n madre y esposa cristiana.","breadcrumb":{"@id":"https:\/\/santamonica.archimadrid.es\/index.php\/2022\/01\/04\/parroquia-de-santa-monica-el-santuario-madrileno-de-la-oracion-de-las-madres\/#breadcrumb"},"inLanguage":"es","potentialAction":[{"@type":"ReadAction","target":["https:\/\/santamonica.archimadrid.es\/index.php\/2022\/01\/04\/parroquia-de-santa-monica-el-santuario-madrileno-de-la-oracion-de-las-madres\/"]}]},{"@type":"BreadcrumbList","@id":"https:\/\/santamonica.archimadrid.es\/index.php\/2022\/01\/04\/parroquia-de-santa-monica-el-santuario-madrileno-de-la-oracion-de-las-madres\/#breadcrumb","itemListElement":[{"@type":"ListItem","position":1,"name":"Portada","item":"https:\/\/santamonica.archimadrid.es\/"},{"@type":"ListItem","position":2,"name":"Parroquia de Santa M\u00f3nica: el Santuario madrile\u00f1o de la oraci\u00f3n de las madres"}]},{"@type":"WebSite","@id":"https:\/\/santamonica.archimadrid.es\/#website","url":"https:\/\/santamonica.archimadrid.es\/","name":"Parroquia de Santa M\u00f3nica Agustinos Recoletos","description":"P\u00e1gina oficial de la Parroquia Santa M\u00f3nica. Actividades parroquiales, noticias de la parroquia y de la iglesia. Servicios Parroquiales. Sacramentos. Devoci\u00f3n a Santa M\u00f3nica, madre de San Agust\u00edn. Promoci\u00f3n Madres Cristianas Santa M\u00f3nica. Oraci\u00f3n por la fe de los hijos y de las familias Devoci\u00f3n a San Ezequiel Moreno. Oraci\u00f3n por los enfermos.","publisher":{"@id":"https:\/\/santamonica.archimadrid.es\/#organization"},"potentialAction":[{"@type":"SearchAction","target":{"@type":"EntryPoint","urlTemplate":"https:\/\/santamonica.archimadrid.es\/?s={search_term_string}"},"query-input":{"@type":"PropertyValueSpecification","valueRequired":true,"valueName":"search_term_string"}}],"inLanguage":"es"},{"@type":"Organization","@id":"https:\/\/santamonica.archimadrid.es\/#organization","name":"Parroquia de Santa M\u00f3nica Agustinos Recoletos","url":"https:\/\/santamonica.archimadrid.es\/","logo":{"@type":"ImageObject","inLanguage":"es","@id":"https:\/\/santamonica.archimadrid.es\/#\/schema\/logo\/image\/","url":"https:\/\/santamonica.archimadrid.es\/wp-content\/uploads\/2022\/09\/icono_parroquia_tamonica-1.jpg","contentUrl":"https:\/\/santamonica.archimadrid.es\/wp-content\/uploads\/2022\/09\/icono_parroquia_tamonica-1.jpg","width":1440,"height":1776,"caption":"Parroquia de Santa M\u00f3nica Agustinos Recoletos"},"image":{"@id":"https:\/\/santamonica.archimadrid.es\/#\/schema\/logo\/image\/"}},{"@type":"Person","@id":"https:\/\/santamonica.archimadrid.es\/#\/schema\/person\/4927175b4d58d4c40097a9455f609de3","name":"admin","image":{"@type":"ImageObject","inLanguage":"es","@id":"https:\/\/secure.gravatar.com\/avatar\/7898691b75ee12f4c1b3d2e97ebe759359e855b227fcc4e81d27339110715d2a?s=96&d=mm&r=g","url":"https:\/\/secure.gravatar.com\/avatar\/7898691b75ee12f4c1b3d2e97ebe759359e855b227fcc4e81d27339110715d2a?s=96&d=mm&r=g","contentUrl":"https:\/\/secure.gravatar.com\/avatar\/7898691b75ee12f4c1b3d2e97ebe759359e855b227fcc4e81d27339110715d2a?s=96&d=mm&r=g","caption":"admin"},"sameAs":["https:\/\/santamonica.archimadrid.es"],"url":"https:\/\/santamonica.archimadrid.es\/index.php\/author\/stamonica\/"}]}},"jetpack_featured_media_url":"https:\/\/santamonica.archimadrid.es\/wp-content\/uploads\/2022\/01\/fachada.jpg","jetpack_sharing_enabled":true,"_links":{"self":[{"href":"https:\/\/santamonica.archimadrid.es\/index.php\/wp-json\/wp\/v2\/posts\/457","targetHints":{"allow":["GET"]}}],"collection":[{"href":"https:\/\/santamonica.archimadrid.es\/index.php\/wp-json\/wp\/v2\/posts"}],"about":[{"href":"https:\/\/santamonica.archimadrid.es\/index.php\/wp-json\/wp\/v2\/types\/post"}],"author":[{"embeddable":true,"href":"https:\/\/santamonica.archimadrid.es\/index.php\/wp-json\/wp\/v2\/users\/1"}],"replies":[{"embeddable":true,"href":"https:\/\/santamonica.archimadrid.es\/index.php\/wp-json\/wp\/v2\/comments?post=457"}],"version-history":[{"count":3,"href":"https:\/\/santamonica.archimadrid.es\/index.php\/wp-json\/wp\/v2\/posts\/457\/revisions"}],"predecessor-version":[{"id":981,"href":"https:\/\/santamonica.archimadrid.es\/index.php\/wp-json\/wp\/v2\/posts\/457\/revisions\/981"}],"wp:featuredmedia":[{"embeddable":true,"href":"https:\/\/santamonica.archimadrid.es\/index.php\/wp-json\/wp\/v2\/media\/458"}],"wp:attachment":[{"href":"https:\/\/santamonica.archimadrid.es\/index.php\/wp-json\/wp\/v2\/media?parent=457"}],"wp:term":[{"taxonomy":"category","embeddable":true,"href":"https:\/\/santamonica.archimadrid.es\/index.php\/wp-json\/wp\/v2\/categories?post=457"},{"taxonomy":"post_tag","embeddable":true,"href":"https:\/\/santamonica.archimadrid.es\/index.php\/wp-json\/wp\/v2\/tags?post=457"}],"curies":[{"name":"wp","href":"https:\/\/api.w.org\/{rel}","templated":true}]}}