{"id":3883,"date":"2026-04-21T15:13:35","date_gmt":"2026-04-21T15:13:35","guid":{"rendered":"https:\/\/santamonica.archimadrid.es\/?p=3883"},"modified":"2026-04-21T16:03:05","modified_gmt":"2026-04-21T16:03:05","slug":"visita-de-s-s-el-papa-leon-xiv-a-madrid","status":"publish","type":"post","link":"https:\/\/santamonica.archimadrid.es\/index.php\/2026\/04\/21\/visita-de-s-s-el-papa-leon-xiv-a-madrid\/","title":{"rendered":"VISITA DE S. S. EL PAPA LE\u00d3N XIV A MADRID"},"content":{"rendered":"\n<p><\/p>\n\n\n\n<figure class=\"wp-block-image size-full\"><img loading=\"lazy\" decoding=\"async\" width=\"800\" height=\"466\" src=\"https:\/\/santamonica.archimadrid.es\/wp-content\/uploads\/2026\/04\/5726e2d99093ccae9049c8e823e7a746_XL.jpg\" alt=\"\" class=\"wp-image-3891\" srcset=\"https:\/\/santamonica.archimadrid.es\/wp-content\/uploads\/2026\/04\/5726e2d99093ccae9049c8e823e7a746_XL.jpg 800w, https:\/\/santamonica.archimadrid.es\/wp-content\/uploads\/2026\/04\/5726e2d99093ccae9049c8e823e7a746_XL-480x280.jpg 480w\" sizes=\"(min-width: 0px) and (max-width: 480px) 480px, (min-width: 481px) 800px, 100vw\" \/><\/figure>\n\n\n\n<p><\/p>\n\n\n\n<p><\/p>\n\n\n\n<p class=\"has-medium-font-size\">La Archidi\u00f3cesis de Madrid ha habilitado la plataforma para participar en la visita del Santo Padre. Parroquias, instituciones, familias y voluntarios ya pueden inscribirse para colaborar en la acogida de peregrinos que llegar\u00e1n a la ciudad.<\/p>\n\n\n\n<p><\/p>\n\n\n\n<p><\/p>\n\n\n\n<p class=\"has-medium-font-size\">Toda la informaci\u00f3n y formularios en <a href=\"http:\/\/madrid.conelpapa.es\"><strong>madrid.conelpapa.es<\/strong><\/a><\/p>\n\n\n\n<p><\/p>\n\n\n\n<p class=\"has-medium-font-size\">Preguntas frecuentes: <a href=\"https:\/\/madrid.conelpapa.es\/faq#voluntarios\"><strong>https:\/\/madrid.conelpapa.es\/faq#voluntarios<\/strong><\/a><\/p>\n\n\n\n<figure class=\"wp-block-image size-full\"><img loading=\"lazy\" decoding=\"async\" width=\"1280\" height=\"720\" src=\"https:\/\/santamonica.archimadrid.es\/wp-content\/uploads\/2026\/04\/cq5dam.thumbnail.cropped.1500.844.jpeg\" alt=\"\" class=\"wp-image-3878\" srcset=\"https:\/\/santamonica.archimadrid.es\/wp-content\/uploads\/2026\/04\/cq5dam.thumbnail.cropped.1500.844.jpeg 1280w, https:\/\/santamonica.archimadrid.es\/wp-content\/uploads\/2026\/04\/cq5dam.thumbnail.cropped.1500.844-980x551.jpeg 980w, https:\/\/santamonica.archimadrid.es\/wp-content\/uploads\/2026\/04\/cq5dam.thumbnail.cropped.1500.844-480x270.jpeg 480w\" sizes=\"(min-width: 0px) and (max-width: 480px) 480px, (min-width: 481px) and (max-width: 980px) 980px, (min-width: 981px) 1280px, 100vw\" \/><\/figure>\n","protected":false},"excerpt":{"rendered":"<p>La Archidi\u00f3cesis de Madrid ha habilitado la plataforma para participar en la visita del Santo Padre. Parroquias, instituciones, familias y voluntarios ya pueden inscribirse para colaborar en la acogida de peregrinos que llegar\u00e1n a la ciudad. Toda la informaci\u00f3n y formularios en madrid.conelpapa.es Preguntas frecuentes: https:\/\/madrid.conelpapa.es\/faq#voluntarios<\/p>\n","protected":false},"author":4,"featured_media":3891,"comment_status":"open","ping_status":"closed","sticky":false,"template":"","format":"standard","meta":{"_et_pb_use_builder":"off","_et_pb_old_content":"","_et_gb_content_width":"","cybocfi_hide_featured_image":"yes","_jetpack_memberships_contains_paid_content":false,"footnotes":""},"categories":[1],"tags":[],"class_list":["post-3883","post","type-post","status-publish","format-standard","has-post-thumbnail","hentry","category-uncategorized"],"yoast_head":"<!-- This site is optimized with the Yoast SEO plugin v27.4 - https:\/\/yoast.com\/product\/yoast-seo-wordpress\/ -->\n<title>VISITA DE S. S. EL PAPA LE\u00d3N XIV A MADRID - Parroquia de Santa M\u00f3nica Agustinos Recoletos<\/title>\n<meta name=\"robots\" content=\"index, follow, max-snippet:-1, max-image-preview:large, max-video-preview:-1\" \/>\n<link rel=\"canonical\" href=\"https:\/\/santamonica.archimadrid.es\/index.php\/2026\/04\/21\/visita-de-s-s-el-papa-leon-xiv-a-madrid\/\" \/>\n<meta property=\"og:locale\" content=\"es_ES\" \/>\n<meta property=\"og:type\" content=\"article\" \/>\n<meta property=\"og:title\" content=\"VISITA DE S. S. EL PAPA LE\u00d3N XIV A MADRID - Parroquia de Santa M\u00f3nica Agustinos Recoletos\" \/>\n<meta property=\"og:description\" content=\"La Archidi\u00f3cesis de Madrid ha habilitado la plataforma para participar en la visita del Santo Padre. Parroquias, instituciones, familias y voluntarios ya pueden inscribirse para colaborar en la acogida de peregrinos que llegar\u00e1n a la ciudad. Toda la informaci\u00f3n y formularios en madrid.conelpapa.es Preguntas frecuentes: https:\/\/madrid.conelpapa.es\/faq#voluntarios\" \/>\n<meta property=\"og:url\" content=\"https:\/\/santamonica.archimadrid.es\/index.php\/2026\/04\/21\/visita-de-s-s-el-papa-leon-xiv-a-madrid\/\" \/>\n<meta property=\"og:site_name\" content=\"Parroquia de Santa M\u00f3nica Agustinos Recoletos\" \/>\n<meta property=\"article:published_time\" content=\"2026-04-21T15:13:35+00:00\" \/>\n<meta property=\"article:modified_time\" content=\"2026-04-21T16:03:05+00:00\" \/>\n<meta property=\"og:image\" content=\"https:\/\/santamonica.archimadrid.es\/wp-content\/uploads\/2026\/04\/5726e2d99093ccae9049c8e823e7a746_XL.jpg\" \/>\n\t<meta property=\"og:image:width\" content=\"800\" \/>\n\t<meta property=\"og:image:height\" content=\"466\" \/>\n\t<meta property=\"og:image:type\" content=\"image\/jpeg\" \/>\n<meta name=\"author\" content=\"Ismael Ojeda Lozano\" \/>\n<meta name=\"twitter:card\" content=\"summary_large_image\" \/>\n<meta name=\"twitter:label1\" content=\"Escrito por\" \/>\n\t<meta name=\"twitter:data1\" content=\"Ismael Ojeda Lozano\" \/>\n\t<meta name=\"twitter:label2\" content=\"Tiempo de lectura\" \/>\n\t<meta name=\"twitter:data2\" content=\"1 minuto\" \/>\n<script type=\"application\/ld+json\" class=\"yoast-schema-graph\">{\"@context\":\"https:\\\/\\\/schema.org\",\"@graph\":[{\"@type\":\"Article\",\"@id\":\"https:\\\/\\\/santamonica.archimadrid.es\\\/index.php\\\/2026\\\/04\\\/21\\\/visita-de-s-s-el-papa-leon-xiv-a-madrid\\\/#article\",\"isPartOf\":{\"@id\":\"https:\\\/\\\/santamonica.archimadrid.es\\\/index.php\\\/2026\\\/04\\\/21\\\/visita-de-s-s-el-papa-leon-xiv-a-madrid\\\/\"},\"author\":{\"name\":\"Ismael Ojeda Lozano\",\"@id\":\"https:\\\/\\\/santamonica.archimadrid.es\\\/#\\\/schema\\\/person\\\/e953761d9a292b95f2c339318d65b665\"},\"headline\":\"VISITA DE S. S. EL PAPA LE\u00d3N XIV A MADRID\",\"datePublished\":\"2026-04-21T15:13:35+00:00\",\"dateModified\":\"2026-04-21T16:03:05+00:00\",\"mainEntityOfPage\":{\"@id\":\"https:\\\/\\\/santamonica.archimadrid.es\\\/index.php\\\/2026\\\/04\\\/21\\\/visita-de-s-s-el-papa-leon-xiv-a-madrid\\\/\"},\"wordCount\":67,\"commentCount\":0,\"publisher\":{\"@id\":\"https:\\\/\\\/santamonica.archimadrid.es\\\/#organization\"},\"image\":{\"@id\":\"https:\\\/\\\/santamonica.archimadrid.es\\\/index.php\\\/2026\\\/04\\\/21\\\/visita-de-s-s-el-papa-leon-xiv-a-madrid\\\/#primaryimage\"},\"thumbnailUrl\":\"https:\\\/\\\/santamonica.archimadrid.es\\\/wp-content\\\/uploads\\\/2026\\\/04\\\/5726e2d99093ccae9049c8e823e7a746_XL.jpg\",\"articleSection\":[\"Uncategorized\"],\"inLanguage\":\"es\",\"potentialAction\":[{\"@type\":\"CommentAction\",\"name\":\"Comment\",\"target\":[\"https:\\\/\\\/santamonica.archimadrid.es\\\/index.php\\\/2026\\\/04\\\/21\\\/visita-de-s-s-el-papa-leon-xiv-a-madrid\\\/#respond\"]}]},{\"@type\":\"WebPage\",\"@id\":\"https:\\\/\\\/santamonica.archimadrid.es\\\/index.php\\\/2026\\\/04\\\/21\\\/visita-de-s-s-el-papa-leon-xiv-a-madrid\\\/\",\"url\":\"https:\\\/\\\/santamonica.archimadrid.es\\\/index.php\\\/2026\\\/04\\\/21\\\/visita-de-s-s-el-papa-leon-xiv-a-madrid\\\/\",\"name\":\"VISITA DE S. S. EL PAPA LE\u00d3N XIV A MADRID - Parroquia de Santa M\u00f3nica Agustinos Recoletos\",\"isPartOf\":{\"@id\":\"https:\\\/\\\/santamonica.archimadrid.es\\\/#website\"},\"primaryImageOfPage\":{\"@id\":\"https:\\\/\\\/santamonica.archimadrid.es\\\/index.php\\\/2026\\\/04\\\/21\\\/visita-de-s-s-el-papa-leon-xiv-a-madrid\\\/#primaryimage\"},\"image\":{\"@id\":\"https:\\\/\\\/santamonica.archimadrid.es\\\/index.php\\\/2026\\\/04\\\/21\\\/visita-de-s-s-el-papa-leon-xiv-a-madrid\\\/#primaryimage\"},\"thumbnailUrl\":\"https:\\\/\\\/santamonica.archimadrid.es\\\/wp-content\\\/uploads\\\/2026\\\/04\\\/5726e2d99093ccae9049c8e823e7a746_XL.jpg\",\"datePublished\":\"2026-04-21T15:13:35+00:00\",\"dateModified\":\"2026-04-21T16:03:05+00:00\",\"breadcrumb\":{\"@id\":\"https:\\\/\\\/santamonica.archimadrid.es\\\/index.php\\\/2026\\\/04\\\/21\\\/visita-de-s-s-el-papa-leon-xiv-a-madrid\\\/#breadcrumb\"},\"inLanguage\":\"es\",\"potentialAction\":[{\"@type\":\"ReadAction\",\"target\":[\"https:\\\/\\\/santamonica.archimadrid.es\\\/index.php\\\/2026\\\/04\\\/21\\\/visita-de-s-s-el-papa-leon-xiv-a-madrid\\\/\"]}]},{\"@type\":\"BreadcrumbList\",\"@id\":\"https:\\\/\\\/santamonica.archimadrid.es\\\/index.php\\\/2026\\\/04\\\/21\\\/visita-de-s-s-el-papa-leon-xiv-a-madrid\\\/#breadcrumb\",\"itemListElement\":[{\"@type\":\"ListItem\",\"position\":1,\"name\":\"Portada\",\"item\":\"https:\\\/\\\/santamonica.archimadrid.es\\\/\"},{\"@type\":\"ListItem\",\"position\":2,\"name\":\"VISITA DE S. S. EL PAPA LE\u00d3N XIV A MADRID\"}]},{\"@type\":\"WebSite\",\"@id\":\"https:\\\/\\\/santamonica.archimadrid.es\\\/#website\",\"url\":\"https:\\\/\\\/santamonica.archimadrid.es\\\/\",\"name\":\"Parroquia de Santa M\u00f3nica Agustinos Recoletos\",\"description\":\"P\u00e1gina oficial de la Parroquia Santa M\u00f3nica. Actividades parroquiales, noticias de la parroquia y de la iglesia. Servicios Parroquiales. Sacramentos. Devoci\u00f3n a Santa M\u00f3nica, madre de San Agust\u00edn. Promoci\u00f3n Madres Cristianas Santa M\u00f3nica. Oraci\u00f3n por la fe de los hijos y de las familias Devoci\u00f3n a San Ezequiel Moreno. Oraci\u00f3n por los enfermos.\",\"publisher\":{\"@id\":\"https:\\\/\\\/santamonica.archimadrid.es\\\/#organization\"},\"potentialAction\":[{\"@type\":\"SearchAction\",\"target\":{\"@type\":\"EntryPoint\",\"urlTemplate\":\"https:\\\/\\\/santamonica.archimadrid.es\\\/?s={search_term_string}\"},\"query-input\":{\"@type\":\"PropertyValueSpecification\",\"valueRequired\":true,\"valueName\":\"search_term_string\"}}],\"inLanguage\":\"es\"},{\"@type\":\"Organization\",\"@id\":\"https:\\\/\\\/santamonica.archimadrid.es\\\/#organization\",\"name\":\"Parroquia de Santa M\u00f3nica Agustinos Recoletos\",\"url\":\"https:\\\/\\\/santamonica.archimadrid.es\\\/\",\"logo\":{\"@type\":\"ImageObject\",\"inLanguage\":\"es\",\"@id\":\"https:\\\/\\\/santamonica.archimadrid.es\\\/#\\\/schema\\\/logo\\\/image\\\/\",\"url\":\"https:\\\/\\\/santamonica.archimadrid.es\\\/wp-content\\\/uploads\\\/2022\\\/09\\\/icono_parroquia_tamonica-1.jpg\",\"contentUrl\":\"https:\\\/\\\/santamonica.archimadrid.es\\\/wp-content\\\/uploads\\\/2022\\\/09\\\/icono_parroquia_tamonica-1.jpg\",\"width\":1440,\"height\":1776,\"caption\":\"Parroquia de Santa M\u00f3nica Agustinos Recoletos\"},\"image\":{\"@id\":\"https:\\\/\\\/santamonica.archimadrid.es\\\/#\\\/schema\\\/logo\\\/image\\\/\"}},{\"@type\":\"Person\",\"@id\":\"https:\\\/\\\/santamonica.archimadrid.es\\\/#\\\/schema\\\/person\\\/e953761d9a292b95f2c339318d65b665\",\"name\":\"Ismael Ojeda Lozano\",\"image\":{\"@type\":\"ImageObject\",\"inLanguage\":\"es\",\"@id\":\"https:\\\/\\\/secure.gravatar.com\\\/avatar\\\/88f77574129bb09497a21c3e2b7fbf3b81fd9c994630449581f44c7cf301a2e3?s=96&d=mm&r=g\",\"url\":\"https:\\\/\\\/secure.gravatar.com\\\/avatar\\\/88f77574129bb09497a21c3e2b7fbf3b81fd9c994630449581f44c7cf301a2e3?s=96&d=mm&r=g\",\"contentUrl\":\"https:\\\/\\\/secure.gravatar.com\\\/avatar\\\/88f77574129bb09497a21c3e2b7fbf3b81fd9c994630449581f44c7cf301a2e3?s=96&d=mm&r=g\",\"caption\":\"Ismael Ojeda Lozano\"},\"url\":\"https:\\\/\\\/santamonica.archimadrid.es\\\/index.php\\\/author\\\/parroco\\\/\"}]}<\/script>\n<!-- \/ Yoast SEO plugin. -->","yoast_head_json":{"title":"VISITA DE S. S. EL PAPA LE\u00d3N XIV A MADRID - Parroquia de Santa M\u00f3nica Agustinos Recoletos","robots":{"index":"index","follow":"follow","max-snippet":"max-snippet:-1","max-image-preview":"max-image-preview:large","max-video-preview":"max-video-preview:-1"},"canonical":"https:\/\/santamonica.archimadrid.es\/index.php\/2026\/04\/21\/visita-de-s-s-el-papa-leon-xiv-a-madrid\/","og_locale":"es_ES","og_type":"article","og_title":"VISITA DE S. S. EL PAPA LE\u00d3N XIV A MADRID - Parroquia de Santa M\u00f3nica Agustinos Recoletos","og_description":"La Archidi\u00f3cesis de Madrid ha habilitado la plataforma para participar en la visita del Santo Padre. Parroquias, instituciones, familias y voluntarios ya pueden inscribirse para colaborar en la acogida de peregrinos que llegar\u00e1n a la ciudad. Toda la informaci\u00f3n y formularios en madrid.conelpapa.es Preguntas frecuentes: https:\/\/madrid.conelpapa.es\/faq#voluntarios","og_url":"https:\/\/santamonica.archimadrid.es\/index.php\/2026\/04\/21\/visita-de-s-s-el-papa-leon-xiv-a-madrid\/","og_site_name":"Parroquia de Santa M\u00f3nica Agustinos Recoletos","article_published_time":"2026-04-21T15:13:35+00:00","article_modified_time":"2026-04-21T16:03:05+00:00","og_image":[{"width":800,"height":466,"url":"https:\/\/santamonica.archimadrid.es\/wp-content\/uploads\/2026\/04\/5726e2d99093ccae9049c8e823e7a746_XL.jpg","type":"image\/jpeg"}],"author":"Ismael Ojeda Lozano","twitter_card":"summary_large_image","twitter_misc":{"Escrito por":"Ismael Ojeda Lozano","Tiempo de lectura":"1 minuto"},"schema":{"@context":"https:\/\/schema.org","@graph":[{"@type":"Article","@id":"https:\/\/santamonica.archimadrid.es\/index.php\/2026\/04\/21\/visita-de-s-s-el-papa-leon-xiv-a-madrid\/#article","isPartOf":{"@id":"https:\/\/santamonica.archimadrid.es\/index.php\/2026\/04\/21\/visita-de-s-s-el-papa-leon-xiv-a-madrid\/"},"author":{"name":"Ismael Ojeda Lozano","@id":"https:\/\/santamonica.archimadrid.es\/#\/schema\/person\/e953761d9a292b95f2c339318d65b665"},"headline":"VISITA DE S. S. EL PAPA LE\u00d3N XIV A MADRID","datePublished":"2026-04-21T15:13:35+00:00","dateModified":"2026-04-21T16:03:05+00:00","mainEntityOfPage":{"@id":"https:\/\/santamonica.archimadrid.es\/index.php\/2026\/04\/21\/visita-de-s-s-el-papa-leon-xiv-a-madrid\/"},"wordCount":67,"commentCount":0,"publisher":{"@id":"https:\/\/santamonica.archimadrid.es\/#organization"},"image":{"@id":"https:\/\/santamonica.archimadrid.es\/index.php\/2026\/04\/21\/visita-de-s-s-el-papa-leon-xiv-a-madrid\/#primaryimage"},"thumbnailUrl":"https:\/\/santamonica.archimadrid.es\/wp-content\/uploads\/2026\/04\/5726e2d99093ccae9049c8e823e7a746_XL.jpg","articleSection":["Uncategorized"],"inLanguage":"es","potentialAction":[{"@type":"CommentAction","name":"Comment","target":["https:\/\/santamonica.archimadrid.es\/index.php\/2026\/04\/21\/visita-de-s-s-el-papa-leon-xiv-a-madrid\/#respond"]}]},{"@type":"WebPage","@id":"https:\/\/santamonica.archimadrid.es\/index.php\/2026\/04\/21\/visita-de-s-s-el-papa-leon-xiv-a-madrid\/","url":"https:\/\/santamonica.archimadrid.es\/index.php\/2026\/04\/21\/visita-de-s-s-el-papa-leon-xiv-a-madrid\/","name":"VISITA DE S. S. EL PAPA LE\u00d3N XIV A MADRID - Parroquia de Santa M\u00f3nica Agustinos Recoletos","isPartOf":{"@id":"https:\/\/santamonica.archimadrid.es\/#website"},"primaryImageOfPage":{"@id":"https:\/\/santamonica.archimadrid.es\/index.php\/2026\/04\/21\/visita-de-s-s-el-papa-leon-xiv-a-madrid\/#primaryimage"},"image":{"@id":"https:\/\/santamonica.archimadrid.es\/index.php\/2026\/04\/21\/visita-de-s-s-el-papa-leon-xiv-a-madrid\/#primaryimage"},"thumbnailUrl":"https:\/\/santamonica.archimadrid.es\/wp-content\/uploads\/2026\/04\/5726e2d99093ccae9049c8e823e7a746_XL.jpg","datePublished":"2026-04-21T15:13:35+00:00","dateModified":"2026-04-21T16:03:05+00:00","breadcrumb":{"@id":"https:\/\/santamonica.archimadrid.es\/index.php\/2026\/04\/21\/visita-de-s-s-el-papa-leon-xiv-a-madrid\/#breadcrumb"},"inLanguage":"es","potentialAction":[{"@type":"ReadAction","target":["https:\/\/santamonica.archimadrid.es\/index.php\/2026\/04\/21\/visita-de-s-s-el-papa-leon-xiv-a-madrid\/"]}]},{"@type":"BreadcrumbList","@id":"https:\/\/santamonica.archimadrid.es\/index.php\/2026\/04\/21\/visita-de-s-s-el-papa-leon-xiv-a-madrid\/#breadcrumb","itemListElement":[{"@type":"ListItem","position":1,"name":"Portada","item":"https:\/\/santamonica.archimadrid.es\/"},{"@type":"ListItem","position":2,"name":"VISITA DE S. S. EL PAPA LE\u00d3N XIV A MADRID"}]},{"@type":"WebSite","@id":"https:\/\/santamonica.archimadrid.es\/#website","url":"https:\/\/santamonica.archimadrid.es\/","name":"Parroquia de Santa M\u00f3nica Agustinos Recoletos","description":"P\u00e1gina oficial de la Parroquia Santa M\u00f3nica. Actividades parroquiales, noticias de la parroquia y de la iglesia. Servicios Parroquiales. Sacramentos. Devoci\u00f3n a Santa M\u00f3nica, madre de San Agust\u00edn. Promoci\u00f3n Madres Cristianas Santa M\u00f3nica. Oraci\u00f3n por la fe de los hijos y de las familias Devoci\u00f3n a San Ezequiel Moreno. Oraci\u00f3n por los enfermos.","publisher":{"@id":"https:\/\/santamonica.archimadrid.es\/#organization"},"potentialAction":[{"@type":"SearchAction","target":{"@type":"EntryPoint","urlTemplate":"https:\/\/santamonica.archimadrid.es\/?s={search_term_string}"},"query-input":{"@type":"PropertyValueSpecification","valueRequired":true,"valueName":"search_term_string"}}],"inLanguage":"es"},{"@type":"Organization","@id":"https:\/\/santamonica.archimadrid.es\/#organization","name":"Parroquia de Santa M\u00f3nica Agustinos Recoletos","url":"https:\/\/santamonica.archimadrid.es\/","logo":{"@type":"ImageObject","inLanguage":"es","@id":"https:\/\/santamonica.archimadrid.es\/#\/schema\/logo\/image\/","url":"https:\/\/santamonica.archimadrid.es\/wp-content\/uploads\/2022\/09\/icono_parroquia_tamonica-1.jpg","contentUrl":"https:\/\/santamonica.archimadrid.es\/wp-content\/uploads\/2022\/09\/icono_parroquia_tamonica-1.jpg","width":1440,"height":1776,"caption":"Parroquia de Santa M\u00f3nica Agustinos Recoletos"},"image":{"@id":"https:\/\/santamonica.archimadrid.es\/#\/schema\/logo\/image\/"}},{"@type":"Person","@id":"https:\/\/santamonica.archimadrid.es\/#\/schema\/person\/e953761d9a292b95f2c339318d65b665","name":"Ismael Ojeda Lozano","image":{"@type":"ImageObject","inLanguage":"es","@id":"https:\/\/secure.gravatar.com\/avatar\/88f77574129bb09497a21c3e2b7fbf3b81fd9c994630449581f44c7cf301a2e3?s=96&d=mm&r=g","url":"https:\/\/secure.gravatar.com\/avatar\/88f77574129bb09497a21c3e2b7fbf3b81fd9c994630449581f44c7cf301a2e3?s=96&d=mm&r=g","contentUrl":"https:\/\/secure.gravatar.com\/avatar\/88f77574129bb09497a21c3e2b7fbf3b81fd9c994630449581f44c7cf301a2e3?s=96&d=mm&r=g","caption":"Ismael Ojeda Lozano"},"url":"https:\/\/santamonica.archimadrid.es\/index.php\/author\/parroco\/"}]}},"jetpack_featured_media_url":"https:\/\/santamonica.archimadrid.es\/wp-content\/uploads\/2026\/04\/5726e2d99093ccae9049c8e823e7a746_XL.jpg","jetpack_sharing_enabled":true,"_links":{"self":[{"href":"https:\/\/santamonica.archimadrid.es\/index.php\/wp-json\/wp\/v2\/posts\/3883","targetHints":{"allow":["GET"]}}],"collection":[{"href":"https:\/\/santamonica.archimadrid.es\/index.php\/wp-json\/wp\/v2\/posts"}],"about":[{"href":"https:\/\/santamonica.archimadrid.es\/index.php\/wp-json\/wp\/v2\/types\/post"}],"author":[{"embeddable":true,"href":"https:\/\/santamonica.archimadrid.es\/index.php\/wp-json\/wp\/v2\/users\/4"}],"replies":[{"embeddable":true,"href":"https:\/\/santamonica.archimadrid.es\/index.php\/wp-json\/wp\/v2\/comments?post=3883"}],"version-history":[{"count":11,"href":"https:\/\/santamonica.archimadrid.es\/index.php\/wp-json\/wp\/v2\/posts\/3883\/revisions"}],"predecessor-version":[{"id":3908,"href":"https:\/\/santamonica.archimadrid.es\/index.php\/wp-json\/wp\/v2\/posts\/3883\/revisions\/3908"}],"wp:featuredmedia":[{"embeddable":true,"href":"https:\/\/santamonica.archimadrid.es\/index.php\/wp-json\/wp\/v2\/media\/3891"}],"wp:attachment":[{"href":"https:\/\/santamonica.archimadrid.es\/index.php\/wp-json\/wp\/v2\/media?parent=3883"}],"wp:term":[{"taxonomy":"category","embeddable":true,"href":"https:\/\/santamonica.archimadrid.es\/index.php\/wp-json\/wp\/v2\/categories?post=3883"},{"taxonomy":"post_tag","embeddable":true,"href":"https:\/\/santamonica.archimadrid.es\/index.php\/wp-json\/wp\/v2\/tags?post=3883"}],"curies":[{"name":"wp","href":"https:\/\/api.w.org\/{rel}","templated":true}]}}