{"id":3359,"date":"2025-04-15T13:47:59","date_gmt":"2025-04-15T13:47:59","guid":{"rendered":"https:\/\/santamonica.archimadrid.es\/?p=3359"},"modified":"2025-04-15T14:06:28","modified_gmt":"2025-04-15T14:06:28","slug":"semana-santa-2025-programa","status":"publish","type":"post","link":"https:\/\/santamonica.archimadrid.es\/index.php\/2025\/04\/15\/semana-santa-2025-programa\/","title":{"rendered":"SEMANA SANTA 2025 &#8211; Programa"},"content":{"rendered":"<p>[et_pb_section fb_built=\u00bb1&#8243; admin_label=\u00bbsection\u00bb _builder_version=\u00bb4.27.4&#8243; background_color=\u00bb#FFFFFF\u00bb use_background_color_gradient=\u00bbon\u00bb background_color_gradient_stops=\u00bb#971197 18%|#fff347 92%\u00bb box_shadow_style=\u00bbpreset1&#8243; global_colors_info=\u00bb{}\u00bb][et_pb_row admin_label=\u00bbrow\u00bb _builder_version=\u00bb4.27.4&#8243; background_color=\u00bb#FFFFFF\u00bb background_size=\u00bbinitial\u00bb background_position=\u00bbtop_left\u00bb background_repeat=\u00bbrepeat\u00bb width=\u00bb95%\u00bb custom_padding=\u00bb35px|||||\u00bb global_colors_info=\u00bb{}\u00bb][et_pb_column type=\u00bb4_4&#8243; _builder_version=\u00bb4.16&#8243; custom_padding=\u00bb|||\u00bb global_colors_info=\u00bb{}\u00bb custom_padding__hover=\u00bb|||\u00bb][et_pb_text _builder_version=\u00bb4.27.4&#8243; _module_preset=\u00bbdefault\u00bb text_font=\u00bbMontserrat||||||||\u00bb text_text_color=\u00bb#584470&#8243; text_line_height=\u00bb1.2em\u00bb border_width_all=\u00bb20px\u00bb border_color_all=\u00bb#FFFFFF\u00bb global_colors_info=\u00bb{}\u00bb]<\/p>\n<p style=\"text-align: center;\"><strong>PARROQUIA SANTA M\u00d3NICA &#8211;\u00a0AGUSTINOS RECOLETOS<\/strong><\/p>\n<p style=\"text-align: center;\"><strong>Pr\u00edncipe de Vergara 87 \u2013 Madrid<\/strong><\/p>\n<p>[\/et_pb_text][et_pb_text _builder_version=\u00bb4.27.4&#8243; _module_preset=\u00bbdefault\u00bb text_font=\u00bbMontserrat||||||||\u00bb text_text_color=\u00bb#584470&#8243; text_font_size=\u00bb25px\u00bb text_line_height=\u00bb1.2em\u00bb border_width_all=\u00bb20px\u00bb border_color_all=\u00bb#FFFFFF\u00bb global_colors_info=\u00bb{}\u00bb]<\/p>\n<p style=\"text-align: center;\"><strong>SEMANA SANTA 2025<\/strong><\/p>\n<p style=\"text-align: center;\">\n<p style=\"text-align: center;\">\n<p>[\/et_pb_text][et_pb_text _builder_version=\u00bb4.27.4&#8243; _module_preset=\u00bbdefault\u00bb text_font=\u00bbMontserrat||||||||\u00bb text_text_color=\u00bb#584470&#8243; text_font_size=\u00bb16px\u00bb text_letter_spacing=\u00bb2px\u00bb text_line_height=\u00bb1.2em\u00bb min_height=\u00bb109.2px\u00bb custom_margin=\u00bb-75px|||||\u00bb border_width_all=\u00bb20px\u00bb border_color_all=\u00bb#FFFFFF\u00bb global_colors_info=\u00bb{}\u00bb]<\/p>\n<p style=\"text-align: left;\">En la Semana Santa celebramos los acontecimientos m\u00e1s profundos de la vida de Cristo: la procesi\u00f3n y la misa del Domingo de Ramos, la misa de la Cena del Se\u00f1or el Jueves Santo, la celebraci\u00f3n de la Pasi\u00f3n del Se\u00f1or el Viernes Santo, y sobre todo, la Vigilia Pascual en la noche santa, son las grandes reuniones cristianas de estos d\u00edas.<\/p>\n<p style=\"text-align: left;\">La comunidad cristiana expresa su fe y su vivencia del misterio pascual -pasi\u00f3n, muerte y resurrecci\u00f3n de Jes\u00fas- a trav\u00e9s de unos gestos simb\u00f3licos muy expresivos.<\/p>\n<p>[\/et_pb_text][et_pb_text _builder_version=\u00bb4.27.4&#8243; _module_preset=\u00bbdefault\u00bb text_font=\u00bbMontserrat||||||||\u00bb text_text_color=\u00bb#584470&#8243; text_font_size=\u00bb15px\u00bb text_letter_spacing=\u00bb1px\u00bb text_line_height=\u00bb1.2em\u00bb custom_margin=\u00bb-2px|||||\u00bb custom_padding=\u00bb||2px|||\u00bb border_width_all=\u00bb20px\u00bb border_color_all=\u00bb#FFFFFF\u00bb box_shadow_style=\u00bbpreset1&#8243; global_colors_info=\u00bb{}\u00bb]<\/p>\n<p><strong>DOMINGO DE RAMOS \u2013 13 DE ABRIL<\/strong><\/p>\n<p style=\"text-align: left;\">Empezamos la celebraci\u00f3n con un homenaje a Cristo, acompa\u00f1\u00e1ndole en su entrada en Jerusal\u00e9n, en su camino a la cruz, la muerte y la resurrecci\u00f3n.<\/p>\n<p style=\"text-align: left;\">En la misa escucharemos el relato de la pasi\u00f3n seg\u00fan san Lucas. Y nos dispondremos a acompa\u00f1ar a Jes\u00fas en su camino.<\/p>\n<p><strong>Bendici\u00f3n de los Ramos<\/strong><\/p>\n<p><strong>Misas: 10:30 \u2013 12:30 \u2013 20:00 h<\/strong><\/p>\n<p>[\/et_pb_text][et_pb_text _builder_version=\u00bb4.27.4&#8243; _module_preset=\u00bbdefault\u00bb text_font=\u00bbMontserrat||||||||\u00bb text_text_color=\u00bb#584470&#8243; text_font_size=\u00bb15px\u00bb text_letter_spacing=\u00bb1px\u00bb text_line_height=\u00bb1.2em\u00bb custom_margin=\u00bb-2px|||||\u00bb border_width_all=\u00bb20px\u00bb border_color_all=\u00bb#FFFFFF\u00bb box_shadow_style=\u00bbpreset1&#8243; global_colors_info=\u00bb{}\u00bb]<strong>LUNES, MARTES Y MI\u00c9RCOLES SANTOS<\/strong><\/p>\n<p><strong>Misas: 9:00 \u2013 12:00 \u2013 20:00 h<\/strong><\/p>\n<p><strong>19:00 h &#8211; Lectura Divina<\/strong> (Meditaci\u00f3n, Oraci\u00f3n, Contemplaci\u00f3n, Acci\u00f3n)<\/p>\n<p>&nbsp;<\/p>\n<p><strong>MI\u00c9RCOLES SANTO \u2013 16 DE ABRIL<\/strong><\/p>\n<p><strong>Confesiones de 18:00 a 20:00 h<\/strong>[\/et_pb_text][et_pb_text _builder_version=\u00bb4.27.4&#8243; _module_preset=\u00bbdefault\u00bb text_font=\u00bbMontserrat||||||||\u00bb text_text_color=\u00bb#584470&#8243; text_font_size=\u00bb15px\u00bb text_letter_spacing=\u00bb1px\u00bb text_line_height=\u00bb1.2em\u00bb custom_margin=\u00bb-2px|||||\u00bb border_width_all=\u00bb20px\u00bb border_color_all=\u00bb#FFFFFF\u00bb box_shadow_style=\u00bbpreset1&#8243; box_shadow_color=\u00bbrgba(2,0,2,0.3)\u00bb global_colors_info=\u00bb{}\u00bb]<\/p>\n<p><strong>JUEVES SANTO \u2013 17 DE ABRIL<\/strong><\/p>\n<p style=\"text-align: left;\">El final se acerca. All\u00ed en el Cen\u00e1culo, Jes\u00fas quiere que sus disc\u00edpulos comprendan cu\u00e1l ha sido el sentido de toda su vida: amar, darse&#8230; sin reservas. Y les deja el signo de su amor para siempre: el pan y el vino, su Cuerpo y Sangre, ser\u00e1n su presencia viva cada vez que la comunidad se re\u00fana.<\/p>\n<p style=\"text-align: left;\">Hoy celebramos con emoci\u00f3n la Eucarist\u00eda, luego rezamos ante este alimento de vida eterna.<\/p>\n<p><strong>18:00 h \u2013 Celebraci\u00f3n de la Cena del Se\u00f1or<\/strong><\/p>\n<p><strong>20:00 h \u2013 Adoraci\u00f3n al Sant\u00edsimo<\/strong><\/p>\n<p>[\/et_pb_text][et_pb_text _builder_version=\u00bb4.27.4&#8243; _module_preset=\u00bbdefault\u00bb text_font=\u00bbMontserrat||||||||\u00bb text_text_color=\u00bb#584470&#8243; text_font_size=\u00bb15px\u00bb text_letter_spacing=\u00bb1px\u00bb text_line_height=\u00bb1.2em\u00bb custom_margin=\u00bb-2px|||||\u00bb border_width_all=\u00bb20px\u00bb border_color_all=\u00bb#FFFFFF\u00bb box_shadow_style=\u00bbpreset1&#8243; global_colors_info=\u00bb{}\u00bb]<\/p>\n<p><strong>VIERNES SANTO \u2013 18 DE ABRIL<\/strong><\/p>\n<p style=\"text-align: left;\">Jes\u00fas muere en la cruz. Nosotros hoy contemplamos con toda nuestra fe y agradecimiento su fidelidad y entrega.<strong><br \/><\/strong><\/p>\n<p style=\"text-align: left;\">Hoy no celebramos la Eucarist\u00eda. Nos reunimos en silencio para escuchar el relato de la Pasi\u00f3n, para rezar por toda la Iglesia y por la humanidad entera, para adorar la cruz de Jes\u00fas que se hace presente en medio de la comunidad y para comulgar del pan consagrado de ayer. Y hoy y ma\u00f1ana contemplamos la cruz y velamos, con esperanza, junto al sepulcro de nuestro Maestro y Se\u00f1or.<\/p>\n<p><strong>17:00 h \u2013 Celebraci\u00f3n de la Pasi\u00f3n del Se\u00f1or <\/strong><strong>&#8211; Colecta para Tierra Santa<\/strong><\/p>\n<p><strong>19:00 h \u2013 V\u00eda Crucis<\/strong><\/p>\n<p>[\/et_pb_text][et_pb_text _builder_version=\u00bb4.27.4&#8243; _module_preset=\u00bbdefault\u00bb text_font=\u00bbMontserrat||||||||\u00bb text_text_color=\u00bb#584470&#8243; text_font_size=\u00bb15px\u00bb text_letter_spacing=\u00bb1px\u00bb text_line_height=\u00bb1.2em\u00bb custom_margin=\u00bb-2px|||||\u00bb border_width_all=\u00bb20px\u00bb border_color_all=\u00bb#FFFFFF\u00bb box_shadow_style=\u00bbpreset1&#8243; global_colors_info=\u00bb{}\u00bb]<\/p>\n<p><strong>S\u00c1BADO SANTO \u2013 19 DE ABRIL<\/strong><\/p>\n<p style=\"text-align: left;\">La gran noche, la noche santa de la resurrecci\u00f3n de Jes\u00fas. Con la misma alegr\u00eda de aquellas mujeres que van al sepulcro y se encuentran con el gran anuncio, nosotros nos reunimos hoy para escuchar las lecturas de la historia de la salvaci\u00f3n y la narraci\u00f3n del evangelio.<\/p>\n<p style=\"text-align: left;\">Luego, celebramos y renovamos el bautismo. Y finalmente, como culminaci\u00f3n de todo, compartimos la Eucarist\u00eda de Jes\u00fas resucitado.<\/p>\n<p style=\"text-align: left;\">Porque Jes\u00fas vive para siempre, y nosotros queremos vivir con \u00c9l, comenzamos los cincuenta d\u00edas de la alegr\u00eda de la Pascua. Y todo el a\u00f1o, celebramos la Pascua semanal que es cada domingo.<\/p>\n<p><strong>11:00 h \u2013 Acto Mariano<\/strong><\/p>\n<p><strong>21:00 h \u2013 Solemne Vigilia Pascual<\/strong><\/p>\n<p>[\/et_pb_text][et_pb_text _builder_version=\u00bb4.27.4&#8243; _module_preset=\u00bbdefault\u00bb text_font=\u00bbMontserrat||||||||\u00bb text_text_color=\u00bb#584470&#8243; text_font_size=\u00bb15px\u00bb text_letter_spacing=\u00bb1px\u00bb text_line_height=\u00bb1.2em\u00bb custom_margin=\u00bb-2px|||||\u00bb border_width_all=\u00bb20px\u00bb border_color_all=\u00bb#FFFFFF\u00bb box_shadow_style=\u00bbpreset1&#8243; global_colors_info=\u00bb{}\u00bb]<\/p>\n<p><strong>DOMINGO DE PASCUA \u2013 20 DE ABRIL<\/strong><\/p>\n<p style=\"text-align: left;\">Alegr\u00eda hermanos, porque Jes\u00fas ha resucitado y con Jes\u00fas vivo todo es nuevo y distinto, todo adquiere sentido.<\/p>\n<p><strong>Misas: 10:30 \u2013 12:30 \u2013 20:00 h<\/strong><\/p>\n<p>[\/et_pb_text][et_pb_text _builder_version=\u00bb4.27.4&#8243; _module_preset=\u00bbdefault\u00bb text_font=\u00bbMontserrat||||||||\u00bb text_text_color=\u00bb#584470&#8243; text_font_size=\u00bb15px\u00bb text_letter_spacing=\u00bb1px\u00bb text_line_height=\u00bb1.2em\u00bb custom_margin=\u00bb-2px|||||\u00bb border_width_all=\u00bb20px\u00bb border_color_all=\u00bb#FFFFFF\u00bb global_colors_info=\u00bb{}\u00bb]<\/p>\n<p>&nbsp;<\/p>\n<p style=\"text-align: center;\"><strong>La Parroquia Santa M\u00f3nica y la Comunidad de Agustinos Recoletos desean a todos<\/strong><\/p>\n<p style=\"text-align: center;\"><strong>\u00a1FELIZ PASCUA DE RESURRECCI\u00d3N!<\/strong><\/p>\n<p>[\/et_pb_text][\/et_pb_column][\/et_pb_row][\/et_pb_section]<\/p>\n","protected":false},"excerpt":{"rendered":"<p>PARROQUIA SANTA M\u00d3NICA &#8211;\u00a0AGUSTINOS RECOLETOS Pr\u00edncipe de Vergara 87 \u2013 MadridSEMANA SANTA 2025 En la Semana Santa celebramos los acontecimientos m\u00e1s profundos de la vida de Cristo: la procesi\u00f3n y la misa del Domingo de Ramos, la misa de la Cena del Se\u00f1or el Jueves Santo, la celebraci\u00f3n de la Pasi\u00f3n del Se\u00f1or el Viernes [&hellip;]<\/p>\n","protected":false},"author":1,"featured_media":3384,"comment_status":"open","ping_status":"closed","sticky":false,"template":"","format":"standard","meta":{"_et_pb_use_builder":"on","_et_pb_old_content":"<!-- wp:heading {\"textAlign\":\"center\",\"level\":4} -->\r\n<h4 class=\"wp-block-heading has-text-align-center\"><strong>PARROQUIA SANTA M\u00d3NICA<\/strong><\/h4>\r\n<!-- \/wp:heading -->\r\n\r\n<!-- wp:heading {\"textAlign\":\"center\",\"level\":4} -->\r\n<h4 class=\"wp-block-heading has-text-align-center\"><strong>Agustinos Recoletos<\/strong><\/h4>\r\n<!-- \/wp:heading -->\r\n\r\n<!-- wp:heading {\"textAlign\":\"center\",\"level\":5} -->\r\n<h5 class=\"wp-block-heading has-text-align-center\"><strong>Pr\u00edncipe de Vergara 87 \u2013 Madrid<\/strong><\/h5>\r\n<!-- \/wp:heading -->\r\n\r\n<!-- wp:spacer {\"height\":\"35px\"} -->\r\n<div style=\"height:35px\" aria-hidden=\"true\" class=\"wp-block-spacer\"><\/div>\r\n<!-- \/wp:spacer -->\r\n\r\n<!-- wp:heading {\"textAlign\":\"center\",\"level\":3} -->\r\n<h3 class=\"wp-block-heading has-text-align-center\"><strong>SEMANA SANTA 2024<\/strong><\/h3>\r\n<!-- \/wp:heading -->\r\n\r\n<!-- wp:spacer {\"height\":\"35px\"} -->\r\n<div style=\"height:35px\" aria-hidden=\"true\" class=\"wp-block-spacer\"><\/div>\r\n<!-- \/wp:spacer -->\r\n\r\n<!-- wp:heading {\"level\":4} -->\r\n<h4 class=\"wp-block-heading\"><strong>DOMINGO DE RAMOS \u2013 24 DE MARZO<\/strong><\/h4>\r\n<!-- \/wp:heading -->\r\n\r\n<!-- wp:list -->\r\n<ul><!-- wp:list-item -->\r\n<li>Bendici\u00f3n de los Ramos<\/li>\r\n<!-- \/wp:list-item -->\r\n\r\n<!-- wp:list-item -->\r\n<li><strong>Misas: <\/strong>10:30 \u2013 11:30 \u2013 12:30 \u2013 20:00 h<\/li>\r\n<!-- \/wp:list-item --><\/ul>\r\n<!-- \/wp:list -->\r\n\r\n<!-- wp:spacer {\"height\":\"25px\"} -->\r\n<div style=\"height:25px\" aria-hidden=\"true\" class=\"wp-block-spacer\"><\/div>\r\n<!-- \/wp:spacer -->\r\n\r\n<!-- wp:heading {\"level\":4} -->\r\n<h4 class=\"wp-block-heading\"><strong>LUNES, MARTES Y MI\u00c9RCOLES SANTOS<\/strong><\/h4>\r\n<!-- \/wp:heading -->\r\n\r\n<!-- wp:list -->\r\n<ul><!-- wp:list-item -->\r\n<li><strong>Misas: <\/strong>9:00 \u2013 12:00 \u2013 20:00 h<\/li>\r\n<!-- \/wp:list-item -->\r\n\r\n<!-- wp:list-item -->\r\n<li>19:00 h - Lectura Divina (Meditaci\u00f3n, Oraci\u00f3n, Contemplaci\u00f3n, Acci\u00f3n)<\/li>\r\n<!-- \/wp:list-item --><\/ul>\r\n<!-- \/wp:list -->\r\n\r\n<!-- wp:spacer {\"height\":\"25px\"} -->\r\n<div style=\"height:25px\" aria-hidden=\"true\" class=\"wp-block-spacer\"><\/div>\r\n<!-- \/wp:spacer -->\r\n\r\n<!-- wp:heading {\"level\":4} -->\r\n<h4 class=\"wp-block-heading\"><strong>MI\u00c9RCOLES SANTO \u2013 27 DE MARZO<\/strong><\/h4>\r\n<!-- \/wp:heading -->\r\n\r\n<!-- wp:list -->\r\n<ul><!-- wp:list-item -->\r\n<li>Confesiones de 18:00 a 20:00 h<\/li>\r\n<!-- \/wp:list-item --><\/ul>\r\n<!-- \/wp:list -->\r\n\r\n<!-- wp:spacer {\"height\":\"25px\"} -->\r\n<div style=\"height:25px\" aria-hidden=\"true\" class=\"wp-block-spacer\"><\/div>\r\n<!-- \/wp:spacer -->\r\n\r\n<!-- wp:heading {\"level\":4} -->\r\n<h4 class=\"wp-block-heading\"><strong>JUEVES SANTO \u2013 28 DE MARZO<\/strong><\/h4>\r\n<!-- \/wp:heading -->\r\n\r\n<!-- wp:list -->\r\n<ul><!-- wp:list-item -->\r\n<li>18:00 h \u2013 Celebraci\u00f3n de la Cena del Se\u00f1or<\/li>\r\n<!-- \/wp:list-item -->\r\n\r\n<!-- wp:list-item -->\r\n<li>20:00 h \u2013 Adoraci\u00f3n al Sant\u00edsimo<\/li>\r\n<!-- \/wp:list-item --><\/ul>\r\n<!-- \/wp:list -->\r\n\r\n<!-- wp:spacer {\"height\":\"25px\"} -->\r\n<div style=\"height:25px\" aria-hidden=\"true\" class=\"wp-block-spacer\"><\/div>\r\n<!-- \/wp:spacer -->\r\n\r\n<!-- wp:heading {\"level\":4} -->\r\n<h4 class=\"wp-block-heading\"><strong>VIERNES SANTO \u2013 29 DE MARZO<\/strong><\/h4>\r\n<!-- \/wp:heading -->\r\n\r\n<!-- wp:list -->\r\n<ul><!-- wp:list-item -->\r\n<li>17:00 h \u2013 Celebraci\u00f3n de la Pasi\u00f3n del Se\u00f1or<\/li>\r\n<!-- \/wp:list-item -->\r\n\r\n<!-- wp:list-item -->\r\n<li>                   \u2013 Colecta para Tierra Santa<\/li>\r\n<!-- \/wp:list-item -->\r\n\r\n<!-- wp:list-item -->\r\n<li>20:00 h \u2013 V\u00eda Crucis<\/li>\r\n<!-- \/wp:list-item --><\/ul>\r\n<!-- \/wp:list -->\r\n\r\n<!-- wp:spacer {\"height\":\"25px\"} -->\r\n<div style=\"height:25px\" aria-hidden=\"true\" class=\"wp-block-spacer\"><\/div>\r\n<!-- \/wp:spacer -->\r\n\r\n<!-- wp:heading {\"level\":4} -->\r\n<h4 class=\"wp-block-heading\"><strong>S\u00c1BADO SANTO \u2013 30 DE MARZO<\/strong><\/h4>\r\n<!-- \/wp:heading -->\r\n\r\n<!-- wp:list -->\r\n<ul><!-- wp:list-item -->\r\n<li>11:00 h \u2013 Meditaci\u00f3n: El S\u00e1bado Santo con Mar\u00eda<\/li>\r\n<!-- \/wp:list-item -->\r\n\r\n<!-- wp:list-item -->\r\n<li>21:00 h \u2013 Solemne Vigilia Pascual<\/li>\r\n<!-- \/wp:list-item --><\/ul>\r\n<!-- \/wp:list -->\r\n\r\n<!-- wp:spacer {\"height\":\"25px\"} -->\r\n<div style=\"height:25px\" aria-hidden=\"true\" class=\"wp-block-spacer\"><\/div>\r\n<!-- \/wp:spacer -->\r\n\r\n<!-- wp:heading {\"level\":4} -->\r\n<h4 class=\"wp-block-heading\"><strong>DOMINGO DE PASCUA \u2013 31 DE MARZO<\/strong><\/h4>\r\n<!-- \/wp:heading -->\r\n\r\n<!-- wp:list -->\r\n<ul><!-- wp:list-item -->\r\n<li><strong>Misas:<\/strong> 10:30 \u2013 11:30 \u2013 12:30 \u2013 20:30 h<\/li>\r\n<!-- \/wp:list-item --><\/ul>\r\n<!-- \/wp:list -->\r\n\r\n<!-- wp:spacer {\"height\":\"35px\"} -->\r\n<div style=\"height:35px\" aria-hidden=\"true\" class=\"wp-block-spacer\"><\/div>\r\n<!-- \/wp:spacer -->\r\n\r\n<!-- wp:heading {\"textAlign\":\"center\",\"level\":4} -->\r\n<h4 class=\"wp-block-heading has-text-align-center\"><strong>La Parroquia Santa M\u00f3nica y la Comunidad de Agustinos Recoletos desean a todos<\/strong><\/h4>\r\n<!-- \/wp:heading -->\r\n\r\n<!-- wp:heading {\"textAlign\":\"center\",\"level\":4} -->\r\n<h4 class=\"wp-block-heading has-text-align-center\"><strong>\u00a1FELIZ PASCUA DE RESURRECCI\u00d3N!<\/strong><\/h4>\r\n<!-- \/wp:heading -->\r\n\r\n<!-- wp:paragraph -->\r\n<p><\/p>\r\n<!-- \/wp:paragraph -->","_et_gb_content_width":"","cybocfi_hide_featured_image":"yes","_jetpack_memberships_contains_paid_content":false,"footnotes":""},"categories":[13,44],"tags":[],"class_list":["post-3359","post","type-post","status-publish","format-standard","has-post-thumbnail","hentry","category-celebraciones","category-semana-santa"],"yoast_head":"<!-- This site is optimized with the Yoast SEO plugin v27.5 - https:\/\/yoast.com\/product\/yoast-seo-wordpress\/ -->\n<title>SEMANA SANTA 2025 - Programa - Parroquia de Santa M\u00f3nica Agustinos Recoletos<\/title>\n<meta name=\"description\" content=\"Horarios celebraciones de Semana Santa en la Parroquia Santa M\u00f3nica.. Domingo de Ramos, Triduo Pascual. Domingo de Pascua de Resurrecci\u00f3n\" \/>\n<meta name=\"robots\" content=\"index, follow, max-snippet:-1, max-image-preview:large, max-video-preview:-1\" \/>\n<link rel=\"canonical\" href=\"https:\/\/santamonica.archimadrid.es\/index.php\/2025\/04\/15\/semana-santa-2025-programa\/\" \/>\n<meta property=\"og:locale\" content=\"es_ES\" \/>\n<meta property=\"og:type\" content=\"article\" \/>\n<meta property=\"og:title\" content=\"SEMANA SANTA 2025 - Programa - Parroquia de Santa M\u00f3nica Agustinos Recoletos\" \/>\n<meta property=\"og:description\" content=\"Horarios celebraciones de Semana Santa en la Parroquia Santa M\u00f3nica.. Domingo de Ramos, Triduo Pascual. Domingo de Pascua de Resurrecci\u00f3n\" \/>\n<meta property=\"og:url\" content=\"https:\/\/santamonica.archimadrid.es\/index.php\/2025\/04\/15\/semana-santa-2025-programa\/\" \/>\n<meta property=\"og:site_name\" content=\"Parroquia de Santa M\u00f3nica Agustinos Recoletos\" \/>\n<meta property=\"article:published_time\" content=\"2025-04-15T13:47:59+00:00\" \/>\n<meta property=\"article:modified_time\" content=\"2025-04-15T14:06:28+00:00\" \/>\n<meta property=\"og:image\" content=\"https:\/\/santamonica.archimadrid.es\/wp-content\/uploads\/2025\/04\/SEMANA.SANTA_.2025-Programa.jpg\" \/>\n\t<meta property=\"og:image:width\" content=\"1024\" \/>\n\t<meta property=\"og:image:height\" content=\"621\" \/>\n\t<meta property=\"og:image:type\" content=\"image\/jpeg\" \/>\n<meta name=\"author\" content=\"admin\" \/>\n<meta name=\"twitter:card\" content=\"summary_large_image\" \/>\n<meta name=\"twitter:label1\" content=\"Escrito por\" \/>\n\t<meta name=\"twitter:data1\" content=\"admin\" \/>\n\t<meta name=\"twitter:label2\" content=\"Tiempo de lectura\" \/>\n\t<meta name=\"twitter:data2\" content=\"3 minutos\" \/>\n<script type=\"application\/ld+json\" class=\"yoast-schema-graph\">{\"@context\":\"https:\\\/\\\/schema.org\",\"@graph\":[{\"@type\":\"Article\",\"@id\":\"https:\\\/\\\/santamonica.archimadrid.es\\\/index.php\\\/2025\\\/04\\\/15\\\/semana-santa-2025-programa\\\/#article\",\"isPartOf\":{\"@id\":\"https:\\\/\\\/santamonica.archimadrid.es\\\/index.php\\\/2025\\\/04\\\/15\\\/semana-santa-2025-programa\\\/\"},\"author\":{\"name\":\"admin\",\"@id\":\"https:\\\/\\\/santamonica.archimadrid.es\\\/#\\\/schema\\\/person\\\/4927175b4d58d4c40097a9455f609de3\"},\"headline\":\"SEMANA SANTA 2025 &#8211; Programa\",\"datePublished\":\"2025-04-15T13:47:59+00:00\",\"dateModified\":\"2025-04-15T14:06:28+00:00\",\"mainEntityOfPage\":{\"@id\":\"https:\\\/\\\/santamonica.archimadrid.es\\\/index.php\\\/2025\\\/04\\\/15\\\/semana-santa-2025-programa\\\/\"},\"wordCount\":1134,\"commentCount\":0,\"publisher\":{\"@id\":\"https:\\\/\\\/santamonica.archimadrid.es\\\/#organization\"},\"image\":{\"@id\":\"https:\\\/\\\/santamonica.archimadrid.es\\\/index.php\\\/2025\\\/04\\\/15\\\/semana-santa-2025-programa\\\/#primaryimage\"},\"thumbnailUrl\":\"https:\\\/\\\/santamonica.archimadrid.es\\\/wp-content\\\/uploads\\\/2025\\\/04\\\/SEMANA.SANTA_.2025-Programa.jpg\",\"articleSection\":[\"Celebraciones\",\"Semana Santa\"],\"inLanguage\":\"es\",\"potentialAction\":[{\"@type\":\"CommentAction\",\"name\":\"Comment\",\"target\":[\"https:\\\/\\\/santamonica.archimadrid.es\\\/index.php\\\/2025\\\/04\\\/15\\\/semana-santa-2025-programa\\\/#respond\"]}]},{\"@type\":\"WebPage\",\"@id\":\"https:\\\/\\\/santamonica.archimadrid.es\\\/index.php\\\/2025\\\/04\\\/15\\\/semana-santa-2025-programa\\\/\",\"url\":\"https:\\\/\\\/santamonica.archimadrid.es\\\/index.php\\\/2025\\\/04\\\/15\\\/semana-santa-2025-programa\\\/\",\"name\":\"SEMANA SANTA 2025 - Programa - Parroquia de Santa M\u00f3nica Agustinos Recoletos\",\"isPartOf\":{\"@id\":\"https:\\\/\\\/santamonica.archimadrid.es\\\/#website\"},\"primaryImageOfPage\":{\"@id\":\"https:\\\/\\\/santamonica.archimadrid.es\\\/index.php\\\/2025\\\/04\\\/15\\\/semana-santa-2025-programa\\\/#primaryimage\"},\"image\":{\"@id\":\"https:\\\/\\\/santamonica.archimadrid.es\\\/index.php\\\/2025\\\/04\\\/15\\\/semana-santa-2025-programa\\\/#primaryimage\"},\"thumbnailUrl\":\"https:\\\/\\\/santamonica.archimadrid.es\\\/wp-content\\\/uploads\\\/2025\\\/04\\\/SEMANA.SANTA_.2025-Programa.jpg\",\"datePublished\":\"2025-04-15T13:47:59+00:00\",\"dateModified\":\"2025-04-15T14:06:28+00:00\",\"description\":\"Horarios celebraciones de Semana Santa en la Parroquia Santa M\u00f3nica.. Domingo de Ramos, Triduo Pascual. Domingo de Pascua de Resurrecci\u00f3n\",\"breadcrumb\":{\"@id\":\"https:\\\/\\\/santamonica.archimadrid.es\\\/index.php\\\/2025\\\/04\\\/15\\\/semana-santa-2025-programa\\\/#breadcrumb\"},\"inLanguage\":\"es\",\"potentialAction\":[{\"@type\":\"ReadAction\",\"target\":[\"https:\\\/\\\/santamonica.archimadrid.es\\\/index.php\\\/2025\\\/04\\\/15\\\/semana-santa-2025-programa\\\/\"]}]},{\"@type\":\"BreadcrumbList\",\"@id\":\"https:\\\/\\\/santamonica.archimadrid.es\\\/index.php\\\/2025\\\/04\\\/15\\\/semana-santa-2025-programa\\\/#breadcrumb\",\"itemListElement\":[{\"@type\":\"ListItem\",\"position\":1,\"name\":\"Portada\",\"item\":\"https:\\\/\\\/santamonica.archimadrid.es\\\/\"},{\"@type\":\"ListItem\",\"position\":2,\"name\":\"SEMANA SANTA 2025 &#8211; Programa\"}]},{\"@type\":\"WebSite\",\"@id\":\"https:\\\/\\\/santamonica.archimadrid.es\\\/#website\",\"url\":\"https:\\\/\\\/santamonica.archimadrid.es\\\/\",\"name\":\"Parroquia de Santa M\u00f3nica Agustinos Recoletos\",\"description\":\"P\u00e1gina oficial de la Parroquia Santa M\u00f3nica. Actividades parroquiales, noticias de la parroquia y de la iglesia. Servicios Parroquiales. Sacramentos. Devoci\u00f3n a Santa M\u00f3nica, madre de San Agust\u00edn. Promoci\u00f3n Madres Cristianas Santa M\u00f3nica. Oraci\u00f3n por la fe de los hijos y de las familias Devoci\u00f3n a San Ezequiel Moreno. Oraci\u00f3n por los enfermos.\",\"publisher\":{\"@id\":\"https:\\\/\\\/santamonica.archimadrid.es\\\/#organization\"},\"potentialAction\":[{\"@type\":\"SearchAction\",\"target\":{\"@type\":\"EntryPoint\",\"urlTemplate\":\"https:\\\/\\\/santamonica.archimadrid.es\\\/?s={search_term_string}\"},\"query-input\":{\"@type\":\"PropertyValueSpecification\",\"valueRequired\":true,\"valueName\":\"search_term_string\"}}],\"inLanguage\":\"es\"},{\"@type\":\"Organization\",\"@id\":\"https:\\\/\\\/santamonica.archimadrid.es\\\/#organization\",\"name\":\"Parroquia de Santa M\u00f3nica Agustinos Recoletos\",\"url\":\"https:\\\/\\\/santamonica.archimadrid.es\\\/\",\"logo\":{\"@type\":\"ImageObject\",\"inLanguage\":\"es\",\"@id\":\"https:\\\/\\\/santamonica.archimadrid.es\\\/#\\\/schema\\\/logo\\\/image\\\/\",\"url\":\"https:\\\/\\\/santamonica.archimadrid.es\\\/wp-content\\\/uploads\\\/2022\\\/09\\\/icono_parroquia_tamonica-1.jpg\",\"contentUrl\":\"https:\\\/\\\/santamonica.archimadrid.es\\\/wp-content\\\/uploads\\\/2022\\\/09\\\/icono_parroquia_tamonica-1.jpg\",\"width\":1440,\"height\":1776,\"caption\":\"Parroquia de Santa M\u00f3nica Agustinos Recoletos\"},\"image\":{\"@id\":\"https:\\\/\\\/santamonica.archimadrid.es\\\/#\\\/schema\\\/logo\\\/image\\\/\"}},{\"@type\":\"Person\",\"@id\":\"https:\\\/\\\/santamonica.archimadrid.es\\\/#\\\/schema\\\/person\\\/4927175b4d58d4c40097a9455f609de3\",\"name\":\"admin\",\"image\":{\"@type\":\"ImageObject\",\"inLanguage\":\"es\",\"@id\":\"https:\\\/\\\/secure.gravatar.com\\\/avatar\\\/7898691b75ee12f4c1b3d2e97ebe759359e855b227fcc4e81d27339110715d2a?s=96&d=mm&r=g\",\"url\":\"https:\\\/\\\/secure.gravatar.com\\\/avatar\\\/7898691b75ee12f4c1b3d2e97ebe759359e855b227fcc4e81d27339110715d2a?s=96&d=mm&r=g\",\"contentUrl\":\"https:\\\/\\\/secure.gravatar.com\\\/avatar\\\/7898691b75ee12f4c1b3d2e97ebe759359e855b227fcc4e81d27339110715d2a?s=96&d=mm&r=g\",\"caption\":\"admin\"},\"sameAs\":[\"https:\\\/\\\/santamonica.archimadrid.es\"],\"url\":\"https:\\\/\\\/santamonica.archimadrid.es\\\/index.php\\\/author\\\/stamonica\\\/\"}]}<\/script>\n<!-- \/ Yoast SEO plugin. -->","yoast_head_json":{"title":"SEMANA SANTA 2025 - Programa - Parroquia de Santa M\u00f3nica Agustinos Recoletos","description":"Horarios celebraciones de Semana Santa en la Parroquia Santa M\u00f3nica.. Domingo de Ramos, Triduo Pascual. Domingo de Pascua de Resurrecci\u00f3n","robots":{"index":"index","follow":"follow","max-snippet":"max-snippet:-1","max-image-preview":"max-image-preview:large","max-video-preview":"max-video-preview:-1"},"canonical":"https:\/\/santamonica.archimadrid.es\/index.php\/2025\/04\/15\/semana-santa-2025-programa\/","og_locale":"es_ES","og_type":"article","og_title":"SEMANA SANTA 2025 - Programa - Parroquia de Santa M\u00f3nica Agustinos Recoletos","og_description":"Horarios celebraciones de Semana Santa en la Parroquia Santa M\u00f3nica.. Domingo de Ramos, Triduo Pascual. Domingo de Pascua de Resurrecci\u00f3n","og_url":"https:\/\/santamonica.archimadrid.es\/index.php\/2025\/04\/15\/semana-santa-2025-programa\/","og_site_name":"Parroquia de Santa M\u00f3nica Agustinos Recoletos","article_published_time":"2025-04-15T13:47:59+00:00","article_modified_time":"2025-04-15T14:06:28+00:00","og_image":[{"width":1024,"height":621,"url":"https:\/\/santamonica.archimadrid.es\/wp-content\/uploads\/2025\/04\/SEMANA.SANTA_.2025-Programa.jpg","type":"image\/jpeg"}],"author":"admin","twitter_card":"summary_large_image","twitter_misc":{"Escrito por":"admin","Tiempo de lectura":"3 minutos"},"schema":{"@context":"https:\/\/schema.org","@graph":[{"@type":"Article","@id":"https:\/\/santamonica.archimadrid.es\/index.php\/2025\/04\/15\/semana-santa-2025-programa\/#article","isPartOf":{"@id":"https:\/\/santamonica.archimadrid.es\/index.php\/2025\/04\/15\/semana-santa-2025-programa\/"},"author":{"name":"admin","@id":"https:\/\/santamonica.archimadrid.es\/#\/schema\/person\/4927175b4d58d4c40097a9455f609de3"},"headline":"SEMANA SANTA 2025 &#8211; Programa","datePublished":"2025-04-15T13:47:59+00:00","dateModified":"2025-04-15T14:06:28+00:00","mainEntityOfPage":{"@id":"https:\/\/santamonica.archimadrid.es\/index.php\/2025\/04\/15\/semana-santa-2025-programa\/"},"wordCount":1134,"commentCount":0,"publisher":{"@id":"https:\/\/santamonica.archimadrid.es\/#organization"},"image":{"@id":"https:\/\/santamonica.archimadrid.es\/index.php\/2025\/04\/15\/semana-santa-2025-programa\/#primaryimage"},"thumbnailUrl":"https:\/\/santamonica.archimadrid.es\/wp-content\/uploads\/2025\/04\/SEMANA.SANTA_.2025-Programa.jpg","articleSection":["Celebraciones","Semana Santa"],"inLanguage":"es","potentialAction":[{"@type":"CommentAction","name":"Comment","target":["https:\/\/santamonica.archimadrid.es\/index.php\/2025\/04\/15\/semana-santa-2025-programa\/#respond"]}]},{"@type":"WebPage","@id":"https:\/\/santamonica.archimadrid.es\/index.php\/2025\/04\/15\/semana-santa-2025-programa\/","url":"https:\/\/santamonica.archimadrid.es\/index.php\/2025\/04\/15\/semana-santa-2025-programa\/","name":"SEMANA SANTA 2025 - Programa - Parroquia de Santa M\u00f3nica Agustinos Recoletos","isPartOf":{"@id":"https:\/\/santamonica.archimadrid.es\/#website"},"primaryImageOfPage":{"@id":"https:\/\/santamonica.archimadrid.es\/index.php\/2025\/04\/15\/semana-santa-2025-programa\/#primaryimage"},"image":{"@id":"https:\/\/santamonica.archimadrid.es\/index.php\/2025\/04\/15\/semana-santa-2025-programa\/#primaryimage"},"thumbnailUrl":"https:\/\/santamonica.archimadrid.es\/wp-content\/uploads\/2025\/04\/SEMANA.SANTA_.2025-Programa.jpg","datePublished":"2025-04-15T13:47:59+00:00","dateModified":"2025-04-15T14:06:28+00:00","description":"Horarios celebraciones de Semana Santa en la Parroquia Santa M\u00f3nica.. Domingo de Ramos, Triduo Pascual. Domingo de Pascua de Resurrecci\u00f3n","breadcrumb":{"@id":"https:\/\/santamonica.archimadrid.es\/index.php\/2025\/04\/15\/semana-santa-2025-programa\/#breadcrumb"},"inLanguage":"es","potentialAction":[{"@type":"ReadAction","target":["https:\/\/santamonica.archimadrid.es\/index.php\/2025\/04\/15\/semana-santa-2025-programa\/"]}]},{"@type":"BreadcrumbList","@id":"https:\/\/santamonica.archimadrid.es\/index.php\/2025\/04\/15\/semana-santa-2025-programa\/#breadcrumb","itemListElement":[{"@type":"ListItem","position":1,"name":"Portada","item":"https:\/\/santamonica.archimadrid.es\/"},{"@type":"ListItem","position":2,"name":"SEMANA SANTA 2025 &#8211; Programa"}]},{"@type":"WebSite","@id":"https:\/\/santamonica.archimadrid.es\/#website","url":"https:\/\/santamonica.archimadrid.es\/","name":"Parroquia de Santa M\u00f3nica Agustinos Recoletos","description":"P\u00e1gina oficial de la Parroquia Santa M\u00f3nica. Actividades parroquiales, noticias de la parroquia y de la iglesia. Servicios Parroquiales. Sacramentos. Devoci\u00f3n a Santa M\u00f3nica, madre de San Agust\u00edn. Promoci\u00f3n Madres Cristianas Santa M\u00f3nica. Oraci\u00f3n por la fe de los hijos y de las familias Devoci\u00f3n a San Ezequiel Moreno. Oraci\u00f3n por los enfermos.","publisher":{"@id":"https:\/\/santamonica.archimadrid.es\/#organization"},"potentialAction":[{"@type":"SearchAction","target":{"@type":"EntryPoint","urlTemplate":"https:\/\/santamonica.archimadrid.es\/?s={search_term_string}"},"query-input":{"@type":"PropertyValueSpecification","valueRequired":true,"valueName":"search_term_string"}}],"inLanguage":"es"},{"@type":"Organization","@id":"https:\/\/santamonica.archimadrid.es\/#organization","name":"Parroquia de Santa M\u00f3nica Agustinos Recoletos","url":"https:\/\/santamonica.archimadrid.es\/","logo":{"@type":"ImageObject","inLanguage":"es","@id":"https:\/\/santamonica.archimadrid.es\/#\/schema\/logo\/image\/","url":"https:\/\/santamonica.archimadrid.es\/wp-content\/uploads\/2022\/09\/icono_parroquia_tamonica-1.jpg","contentUrl":"https:\/\/santamonica.archimadrid.es\/wp-content\/uploads\/2022\/09\/icono_parroquia_tamonica-1.jpg","width":1440,"height":1776,"caption":"Parroquia de Santa M\u00f3nica Agustinos Recoletos"},"image":{"@id":"https:\/\/santamonica.archimadrid.es\/#\/schema\/logo\/image\/"}},{"@type":"Person","@id":"https:\/\/santamonica.archimadrid.es\/#\/schema\/person\/4927175b4d58d4c40097a9455f609de3","name":"admin","image":{"@type":"ImageObject","inLanguage":"es","@id":"https:\/\/secure.gravatar.com\/avatar\/7898691b75ee12f4c1b3d2e97ebe759359e855b227fcc4e81d27339110715d2a?s=96&d=mm&r=g","url":"https:\/\/secure.gravatar.com\/avatar\/7898691b75ee12f4c1b3d2e97ebe759359e855b227fcc4e81d27339110715d2a?s=96&d=mm&r=g","contentUrl":"https:\/\/secure.gravatar.com\/avatar\/7898691b75ee12f4c1b3d2e97ebe759359e855b227fcc4e81d27339110715d2a?s=96&d=mm&r=g","caption":"admin"},"sameAs":["https:\/\/santamonica.archimadrid.es"],"url":"https:\/\/santamonica.archimadrid.es\/index.php\/author\/stamonica\/"}]}},"jetpack_featured_media_url":"https:\/\/santamonica.archimadrid.es\/wp-content\/uploads\/2025\/04\/SEMANA.SANTA_.2025-Programa.jpg","jetpack_sharing_enabled":true,"_links":{"self":[{"href":"https:\/\/santamonica.archimadrid.es\/index.php\/wp-json\/wp\/v2\/posts\/3359","targetHints":{"allow":["GET"]}}],"collection":[{"href":"https:\/\/santamonica.archimadrid.es\/index.php\/wp-json\/wp\/v2\/posts"}],"about":[{"href":"https:\/\/santamonica.archimadrid.es\/index.php\/wp-json\/wp\/v2\/types\/post"}],"author":[{"embeddable":true,"href":"https:\/\/santamonica.archimadrid.es\/index.php\/wp-json\/wp\/v2\/users\/1"}],"replies":[{"embeddable":true,"href":"https:\/\/santamonica.archimadrid.es\/index.php\/wp-json\/wp\/v2\/comments?post=3359"}],"version-history":[{"count":13,"href":"https:\/\/santamonica.archimadrid.es\/index.php\/wp-json\/wp\/v2\/posts\/3359\/revisions"}],"predecessor-version":[{"id":3385,"href":"https:\/\/santamonica.archimadrid.es\/index.php\/wp-json\/wp\/v2\/posts\/3359\/revisions\/3385"}],"wp:featuredmedia":[{"embeddable":true,"href":"https:\/\/santamonica.archimadrid.es\/index.php\/wp-json\/wp\/v2\/media\/3384"}],"wp:attachment":[{"href":"https:\/\/santamonica.archimadrid.es\/index.php\/wp-json\/wp\/v2\/media?parent=3359"}],"wp:term":[{"taxonomy":"category","embeddable":true,"href":"https:\/\/santamonica.archimadrid.es\/index.php\/wp-json\/wp\/v2\/categories?post=3359"},{"taxonomy":"post_tag","embeddable":true,"href":"https:\/\/santamonica.archimadrid.es\/index.php\/wp-json\/wp\/v2\/tags?post=3359"}],"curies":[{"name":"wp","href":"https:\/\/api.w.org\/{rel}","templated":true}]}}