{"id":3304,"date":"2025-04-11T22:57:13","date_gmt":"2025-04-11T22:57:13","guid":{"rendered":"https:\/\/santamonica.archimadrid.es\/?p=3304"},"modified":"2025-04-15T14:11:39","modified_gmt":"2025-04-15T14:11:39","slug":"semana-santa-2025-horario","status":"publish","type":"post","link":"https:\/\/santamonica.archimadrid.es\/index.php\/2025\/04\/11\/semana-santa-2025-horario\/","title":{"rendered":"SEMANA SANTA 2025 &#8211; Horarios"},"content":{"rendered":"<p>[et_pb_section fb_built=\u00bb1&#8243; admin_label=\u00bbsection\u00bb _builder_version=\u00bb4.27.4&#8243; background_enable_color=\u00bboff\u00bb use_background_color_gradient=\u00bbon\u00bb background_color_gradient_stops=\u00bb#971197 18%|#fff347 92%\u00bb box_shadow_style=\u00bbpreset1&#8243; global_colors_info=\u00bb{}\u00bb][et_pb_row admin_label=\u00bbrow\u00bb _builder_version=\u00bb4.27.4&#8243; background_color=\u00bb#FFFFFF\u00bb background_size=\u00bbinitial\u00bb background_position=\u00bbtop_left\u00bb background_repeat=\u00bbrepeat\u00bb custom_padding=\u00bb35px|||||\u00bb hover_enabled=\u00bb0&#8243; global_colors_info=\u00bb{}\u00bb width=\u00bb90%\u00bb sticky_enabled=\u00bb0&#8243;][et_pb_column type=\u00bb4_4&#8243; _builder_version=\u00bb4.16&#8243; custom_padding=\u00bb|||\u00bb global_colors_info=\u00bb{}\u00bb custom_padding__hover=\u00bb|||\u00bb][et_pb_text _builder_version=\u00bb4.27.4&#8243; _module_preset=\u00bbdefault\u00bb text_font=\u00bbMontserrat||||||||\u00bb text_text_color=\u00bb#584470&#8243; text_line_height=\u00bb1.2em\u00bb border_width_all=\u00bb20px\u00bb border_color_all=\u00bb#FFFFFF\u00bb global_colors_info=\u00bb{}\u00bb]<\/p>\n<p style=\"text-align: center;\"><strong>PARROQUIA SANTA M\u00d3NICA &#8211;\u00a0AGUSTINOS RECOLETOS<\/strong><\/p>\n<p style=\"text-align: center;\"><strong>Pr\u00edncipe de Vergara 87 \u2013 Madrid<\/strong><\/p>\n<p>&nbsp;<\/p>\n<p>&nbsp;<\/p>\n<p>[\/et_pb_text][et_pb_text _builder_version=\u00bb4.27.4&#8243; _module_preset=\u00bbdefault\u00bb text_font=\u00bbMontserrat||||||||\u00bb text_text_color=\u00bb#584470&#8243; text_font_size=\u00bb22px\u00bb text_line_height=\u00bb1.2em\u00bb min_height=\u00bb109.2px\u00bb custom_margin=\u00bb-75px|||||\u00bb border_width_all=\u00bb20px\u00bb border_color_all=\u00bb#FFFFFF\u00bb global_colors_info=\u00bb{}\u00bb]<\/p>\n<p style=\"text-align: center;\"><strong>SEMANA SANTA 2025<\/strong><\/p>\n<p style=\"text-align: center;\"><strong>Horarios<\/strong><\/p>\n<p style=\"text-align: center;\"><strong><\/strong><\/p>\n<p>[\/et_pb_text][et_pb_text _builder_version=\u00bb4.27.4&#8243; _module_preset=\u00bbdefault\u00bb text_font=\u00bbMontserrat||||||||\u00bb text_text_color=\u00bb#584470&#8243; text_font_size=\u00bb15px\u00bb text_letter_spacing=\u00bb1px\u00bb text_line_height=\u00bb1.2em\u00bb custom_margin=\u00bb-2px|||||\u00bb border_width_all=\u00bb20px\u00bb border_color_all=\u00bb#FFFFFF\u00bb box_shadow_style=\u00bbpreset1&#8243; global_colors_info=\u00bb{}\u00bb]<\/p>\n<p><strong>DOMINGO DE RAMOS \u2013 13 DE ABRIL<\/strong><\/p>\n<p>Bendici\u00f3n de los Ramos<\/p>\n<p>Misas: 10:30 \u2013 12:30 \u2013 20:00 h<\/p>\n<p>[\/et_pb_text][et_pb_text _builder_version=\u00bb4.27.4&#8243; _module_preset=\u00bbdefault\u00bb text_font=\u00bbMontserrat||||||||\u00bb text_text_color=\u00bb#584470&#8243; text_font_size=\u00bb15px\u00bb text_letter_spacing=\u00bb1px\u00bb text_line_height=\u00bb1.2em\u00bb custom_margin=\u00bb-2px|||||\u00bb border_width_all=\u00bb20px\u00bb border_color_all=\u00bb#FFFFFF\u00bb box_shadow_style=\u00bbpreset1&#8243; global_colors_info=\u00bb{}\u00bb]<\/p>\n<p><strong>LUNES, MARTES Y MI\u00c9RCOLES SANTOS<\/strong><\/p>\n<p>Misas: 9:00 \u2013 12:00 \u2013 20:00 h<\/p>\n<p>19:00 h &#8211; Lectura Divina (Meditaci\u00f3n, Oraci\u00f3n, Contemplaci\u00f3n, Acci\u00f3n)<\/p>\n<p>&nbsp;<\/p>\n<p><strong>MI\u00c9RCOLES SANTO \u2013 16 DE ABRIL<\/strong><\/p>\n<p>Confesiones de 18:00 a 20:00 h<\/p>\n<p>[\/et_pb_text][et_pb_text _builder_version=\u00bb4.27.4&#8243; _module_preset=\u00bbdefault\u00bb text_font=\u00bbMontserrat||||||||\u00bb text_text_color=\u00bb#584470&#8243; text_font_size=\u00bb15px\u00bb text_letter_spacing=\u00bb1px\u00bb text_line_height=\u00bb1.2em\u00bb custom_margin=\u00bb-2px|||||\u00bb border_width_all=\u00bb20px\u00bb border_color_all=\u00bb#FFFFFF\u00bb box_shadow_style=\u00bbpreset1&#8243; box_shadow_color=\u00bbrgba(2,0,2,0.3)\u00bb global_colors_info=\u00bb{}\u00bb]<\/p>\n<p><strong>JUEVES SANTO \u2013 17 DE ABRIL<\/strong><\/p>\n<p>18:00 h \u2013 Celebraci\u00f3n de la Cena del Se\u00f1or<\/p>\n<p>20:00 h \u2013 Adoraci\u00f3n al Sant\u00edsimo<\/p>\n<p>[\/et_pb_text][et_pb_text _builder_version=\u00bb4.27.4&#8243; _module_preset=\u00bbdefault\u00bb text_font=\u00bbMontserrat||||||||\u00bb text_text_color=\u00bb#584470&#8243; text_font_size=\u00bb15px\u00bb text_letter_spacing=\u00bb1px\u00bb text_line_height=\u00bb1.2em\u00bb custom_margin=\u00bb-2px|||||\u00bb border_width_all=\u00bb20px\u00bb border_color_all=\u00bb#FFFFFF\u00bb box_shadow_style=\u00bbpreset1&#8243; global_colors_info=\u00bb{}\u00bb]<\/p>\n<p><strong>VIERNES SANTO \u2013 18 DE ABRIL<\/strong><\/p>\n<p>17:00 h \u2013 Celebraci\u00f3n de la Pasi\u00f3n del Se\u00f1or<\/p>\n<p>&#8211; Colecta para Tierra Santa<\/p>\n<p>19:00 h \u2013 V\u00eda Crucis<\/p>\n<p>[\/et_pb_text][et_pb_text _builder_version=\u00bb4.27.4&#8243; _module_preset=\u00bbdefault\u00bb text_font=\u00bbMontserrat||||||||\u00bb text_text_color=\u00bb#584470&#8243; text_font_size=\u00bb15px\u00bb text_letter_spacing=\u00bb1px\u00bb text_line_height=\u00bb1.2em\u00bb custom_margin=\u00bb-2px|||||\u00bb border_width_all=\u00bb20px\u00bb border_color_all=\u00bb#FFFFFF\u00bb box_shadow_style=\u00bbpreset1&#8243; global_colors_info=\u00bb{}\u00bb]<\/p>\n<p><strong>S\u00c1BADO SANTO \u2013 19 DE ABRIL<\/strong><\/p>\n<p>11:00 h \u2013 Acto Mariano<\/p>\n<p>21:00 h \u2013 Solemne Vigilia Pascual<\/p>\n<p>[\/et_pb_text][et_pb_text _builder_version=\u00bb4.27.4&#8243; _module_preset=\u00bbdefault\u00bb text_font=\u00bbMontserrat||||||||\u00bb text_text_color=\u00bb#584470&#8243; text_font_size=\u00bb15px\u00bb text_letter_spacing=\u00bb1px\u00bb text_line_height=\u00bb1.2em\u00bb custom_margin=\u00bb-2px|||||\u00bb border_width_all=\u00bb20px\u00bb border_color_all=\u00bb#FFFFFF\u00bb box_shadow_style=\u00bbpreset1&#8243; global_colors_info=\u00bb{}\u00bb]<\/p>\n<p><strong>DOMINGO DE PASCUA \u2013 20 DE ABRIL<\/strong><\/p>\n<p>Misas: 10:30 \u2013 12:30 \u2013 20:00 h<\/p>\n<p>[\/et_pb_text][et_pb_text _builder_version=\u00bb4.27.4&#8243; _module_preset=\u00bbdefault\u00bb text_font=\u00bbMontserrat||||||||\u00bb text_text_color=\u00bb#584470&#8243; text_font_size=\u00bb15px\u00bb text_letter_spacing=\u00bb1px\u00bb text_line_height=\u00bb1.2em\u00bb custom_margin=\u00bb-2px|||||\u00bb border_width_all=\u00bb20px\u00bb border_color_all=\u00bb#FFFFFF\u00bb global_colors_info=\u00bb{}\u00bb]<\/p>\n<p>&nbsp;<\/p>\n<p style=\"text-align: center;\"><strong>La Parroquia Santa M\u00f3nica y la Comunidad de Agustinos Recoletos desean a todos<\/strong><\/p>\n<p style=\"text-align: center;\"><strong>\u00a1FELIZ PASCUA DE RESURRECCI\u00d3N!<\/strong><\/p>\n<p>&nbsp;<\/p>\n<p>[\/et_pb_text][\/et_pb_column][\/et_pb_row][\/et_pb_section]<\/p>\n","protected":false},"excerpt":{"rendered":"<p>PARROQUIA SANTA M\u00d3NICA &#8211;\u00a0AGUSTINOS RECOLETOS Pr\u00edncipe de Vergara 87 \u2013 Madrid &nbsp; &nbsp;SEMANA SANTA 2025 Horarios DOMINGO DE RAMOS \u2013 13 DE ABRIL Bendici\u00f3n de los Ramos Misas: 10:30 \u2013 12:30 \u2013 20:00 hLUNES, MARTES Y MI\u00c9RCOLES SANTOS Misas: 9:00 \u2013 12:00 \u2013 20:00 h 19:00 h &#8211; Lectura Divina (Meditaci\u00f3n, Oraci\u00f3n, Contemplaci\u00f3n, Acci\u00f3n) &nbsp; [&hellip;]<\/p>\n","protected":false},"author":1,"featured_media":3386,"comment_status":"open","ping_status":"closed","sticky":false,"template":"","format":"standard","meta":{"_et_pb_use_builder":"on","_et_pb_old_content":"<!-- wp:heading {\"textAlign\":\"center\",\"level\":4} -->\n<h4 class=\"wp-block-heading has-text-align-center\"><strong>PARROQUIA SANTA M\u00d3NICA<\/strong><\/h4>\n<!-- \/wp:heading -->\n\n<!-- wp:heading {\"textAlign\":\"center\",\"level\":4} -->\n<h4 class=\"wp-block-heading has-text-align-center\"><strong>Agustinos Recoletos<\/strong><\/h4>\n<!-- \/wp:heading -->\n\n<!-- wp:heading {\"textAlign\":\"center\",\"level\":5} -->\n<h5 class=\"wp-block-heading has-text-align-center\"><strong>Pr\u00edncipe de Vergara 87 \u2013 Madrid<\/strong><\/h5>\n<!-- \/wp:heading -->\n\n<!-- wp:spacer {\"height\":\"35px\"} -->\n<div style=\"height:35px\" aria-hidden=\"true\" class=\"wp-block-spacer\"><\/div>\n<!-- \/wp:spacer -->\n\n<!-- wp:heading {\"textAlign\":\"center\",\"level\":3} -->\n<h3 class=\"wp-block-heading has-text-align-center\"><strong>SEMANA SANTA 2024<\/strong><\/h3>\n<!-- \/wp:heading -->\n\n<!-- wp:spacer {\"height\":\"35px\"} -->\n<div style=\"height:35px\" aria-hidden=\"true\" class=\"wp-block-spacer\"><\/div>\n<!-- \/wp:spacer -->\n\n<!-- wp:heading {\"level\":4} -->\n<h4 class=\"wp-block-heading\"><strong>DOMINGO DE RAMOS \u2013 24 DE MARZO<\/strong><\/h4>\n<!-- \/wp:heading -->\n\n<!-- wp:list -->\n<ul><!-- wp:list-item -->\n<li>Bendici\u00f3n de los Ramos<\/li>\n<!-- \/wp:list-item -->\n\n<!-- wp:list-item -->\n<li><strong>Misas: <\/strong>10:30 \u2013 11:30 \u2013 12:30 \u2013 20:00 h<\/li>\n<!-- \/wp:list-item --><\/ul>\n<!-- \/wp:list -->\n\n<!-- wp:spacer {\"height\":\"25px\"} -->\n<div style=\"height:25px\" aria-hidden=\"true\" class=\"wp-block-spacer\"><\/div>\n<!-- \/wp:spacer -->\n\n<!-- wp:heading {\"level\":4} -->\n<h4 class=\"wp-block-heading\"><strong>LUNES, MARTES Y MI\u00c9RCOLES SANTOS<\/strong><\/h4>\n<!-- \/wp:heading -->\n\n<!-- wp:list -->\n<ul><!-- wp:list-item -->\n<li><strong>Misas: <\/strong>9:00 \u2013 12:00 \u2013 20:00 h<\/li>\n<!-- \/wp:list-item -->\n\n<!-- wp:list-item -->\n<li>19:00 h - Lectura Divina (Meditaci\u00f3n, Oraci\u00f3n, Contemplaci\u00f3n, Acci\u00f3n)<\/li>\n<!-- \/wp:list-item --><\/ul>\n<!-- \/wp:list -->\n\n<!-- wp:spacer {\"height\":\"25px\"} -->\n<div style=\"height:25px\" aria-hidden=\"true\" class=\"wp-block-spacer\"><\/div>\n<!-- \/wp:spacer -->\n\n<!-- wp:heading {\"level\":4} -->\n<h4 class=\"wp-block-heading\"><strong>MI\u00c9RCOLES SANTO \u2013 27 DE MARZO<\/strong><\/h4>\n<!-- \/wp:heading -->\n\n<!-- wp:list -->\n<ul><!-- wp:list-item -->\n<li>Confesiones de 18:00 a 20:00 h<\/li>\n<!-- \/wp:list-item --><\/ul>\n<!-- \/wp:list -->\n\n<!-- wp:spacer {\"height\":\"25px\"} -->\n<div style=\"height:25px\" aria-hidden=\"true\" class=\"wp-block-spacer\"><\/div>\n<!-- \/wp:spacer -->\n\n<!-- wp:heading {\"level\":4} -->\n<h4 class=\"wp-block-heading\"><strong>JUEVES SANTO \u2013 28 DE MARZO<\/strong><\/h4>\n<!-- \/wp:heading -->\n\n<!-- wp:list -->\n<ul><!-- wp:list-item -->\n<li>18:00 h \u2013 Celebraci\u00f3n de la Cena del Se\u00f1or<\/li>\n<!-- \/wp:list-item -->\n\n<!-- wp:list-item -->\n<li>20:00 h \u2013 Adoraci\u00f3n al Sant\u00edsimo<\/li>\n<!-- \/wp:list-item --><\/ul>\n<!-- \/wp:list -->\n\n<!-- wp:spacer {\"height\":\"25px\"} -->\n<div style=\"height:25px\" aria-hidden=\"true\" class=\"wp-block-spacer\"><\/div>\n<!-- \/wp:spacer -->\n\n<!-- wp:heading {\"level\":4} -->\n<h4 class=\"wp-block-heading\"><strong>VIERNES SANTO \u2013 29 DE MARZO<\/strong><\/h4>\n<!-- \/wp:heading -->\n\n<!-- wp:list -->\n<ul><!-- wp:list-item -->\n<li>17:00 h \u2013 Celebraci\u00f3n de la Pasi\u00f3n del Se\u00f1or<\/li>\n<!-- \/wp:list-item -->\n\n<!-- wp:list-item -->\n<li>                   \u2013 Colecta para Tierra Santa<\/li>\n<!-- \/wp:list-item -->\n\n<!-- wp:list-item -->\n<li>20:00 h \u2013 V\u00eda Crucis<\/li>\n<!-- \/wp:list-item --><\/ul>\n<!-- \/wp:list -->\n\n<!-- wp:spacer {\"height\":\"25px\"} -->\n<div style=\"height:25px\" aria-hidden=\"true\" class=\"wp-block-spacer\"><\/div>\n<!-- \/wp:spacer -->\n\n<!-- wp:heading {\"level\":4} -->\n<h4 class=\"wp-block-heading\"><strong>S\u00c1BADO SANTO \u2013 30 DE MARZO<\/strong><\/h4>\n<!-- \/wp:heading -->\n\n<!-- wp:list -->\n<ul><!-- wp:list-item -->\n<li>11:00 h \u2013 Meditaci\u00f3n: El S\u00e1bado Santo con Mar\u00eda<\/li>\n<!-- \/wp:list-item -->\n\n<!-- wp:list-item -->\n<li>21:00 h \u2013 Solemne Vigilia Pascual<\/li>\n<!-- \/wp:list-item --><\/ul>\n<!-- \/wp:list -->\n\n<!-- wp:spacer {\"height\":\"25px\"} -->\n<div style=\"height:25px\" aria-hidden=\"true\" class=\"wp-block-spacer\"><\/div>\n<!-- \/wp:spacer -->\n\n<!-- wp:heading {\"level\":4} -->\n<h4 class=\"wp-block-heading\"><strong>DOMINGO DE PASCUA \u2013 31 DE MARZO<\/strong><\/h4>\n<!-- \/wp:heading -->\n\n<!-- wp:list -->\n<ul><!-- wp:list-item -->\n<li><strong>Misas:<\/strong> 10:30 \u2013 11:30 \u2013 12:30 \u2013 20:30 h<\/li>\n<!-- \/wp:list-item --><\/ul>\n<!-- \/wp:list -->\n\n<!-- wp:spacer {\"height\":\"35px\"} -->\n<div style=\"height:35px\" aria-hidden=\"true\" class=\"wp-block-spacer\"><\/div>\n<!-- \/wp:spacer -->\n\n<!-- wp:heading {\"textAlign\":\"center\",\"level\":4} -->\n<h4 class=\"wp-block-heading has-text-align-center\"><strong>La Parroquia Santa M\u00f3nica y la Comunidad de Agustinos Recoletos desean a todos<\/strong><\/h4>\n<!-- \/wp:heading -->\n\n<!-- wp:heading {\"textAlign\":\"center\",\"level\":4} -->\n<h4 class=\"wp-block-heading has-text-align-center\"><strong>\u00a1FELIZ PASCUA DE RESURRECCI\u00d3N!<\/strong><\/h4>\n<!-- \/wp:heading -->\n\n<!-- wp:paragraph -->\n<p><\/p>\n<!-- \/wp:paragraph -->","_et_gb_content_width":"","cybocfi_hide_featured_image":"yes","_jetpack_memberships_contains_paid_content":false,"footnotes":""},"categories":[13,44],"tags":[],"class_list":["post-3304","post","type-post","status-publish","format-standard","has-post-thumbnail","hentry","category-celebraciones","category-semana-santa"],"yoast_head":"<!-- This site is optimized with the Yoast SEO plugin v27.5 - https:\/\/yoast.com\/product\/yoast-seo-wordpress\/ -->\n<title>SEMANA SANTA 2025 - Horarios - Parroquia de Santa M\u00f3nica Agustinos Recoletos<\/title>\n<meta name=\"description\" content=\"Horarios celebraciones de Semana Santa en la Parroquia Santa M\u00f3nica.. Domingo de Ramos, Triduo Pascual. Domingo de Pascua de Resurrecci\u00f3n\" \/>\n<meta name=\"robots\" content=\"index, follow, max-snippet:-1, max-image-preview:large, max-video-preview:-1\" \/>\n<link rel=\"canonical\" href=\"https:\/\/santamonica.archimadrid.es\/index.php\/2025\/04\/11\/semana-santa-2025-horario\/\" \/>\n<meta property=\"og:locale\" content=\"es_ES\" \/>\n<meta property=\"og:type\" content=\"article\" \/>\n<meta property=\"og:title\" content=\"SEMANA SANTA 2025 - Horarios - Parroquia de Santa M\u00f3nica Agustinos Recoletos\" \/>\n<meta property=\"og:description\" content=\"Horarios celebraciones de Semana Santa en la Parroquia Santa M\u00f3nica.. Domingo de Ramos, Triduo Pascual. Domingo de Pascua de Resurrecci\u00f3n\" \/>\n<meta property=\"og:url\" content=\"https:\/\/santamonica.archimadrid.es\/index.php\/2025\/04\/11\/semana-santa-2025-horario\/\" \/>\n<meta property=\"og:site_name\" content=\"Parroquia de Santa M\u00f3nica Agustinos Recoletos\" \/>\n<meta property=\"article:published_time\" content=\"2025-04-11T22:57:13+00:00\" \/>\n<meta property=\"article:modified_time\" content=\"2025-04-15T14:11:39+00:00\" \/>\n<meta property=\"og:image\" content=\"https:\/\/santamonica.archimadrid.es\/wp-content\/uploads\/2025\/04\/SEMANA.SANTA_.2025-Horarios.jpg\" \/>\n\t<meta property=\"og:image:width\" content=\"1024\" \/>\n\t<meta property=\"og:image:height\" content=\"621\" \/>\n\t<meta property=\"og:image:type\" content=\"image\/jpeg\" \/>\n<meta name=\"author\" content=\"admin\" \/>\n<meta name=\"twitter:card\" content=\"summary_large_image\" \/>\n<meta name=\"twitter:label1\" content=\"Escrito por\" \/>\n\t<meta name=\"twitter:data1\" content=\"admin\" \/>\n\t<meta name=\"twitter:label2\" content=\"Tiempo de lectura\" \/>\n\t<meta name=\"twitter:data2\" content=\"1 minuto\" \/>\n<script type=\"application\/ld+json\" class=\"yoast-schema-graph\">{\"@context\":\"https:\\\/\\\/schema.org\",\"@graph\":[{\"@type\":\"Article\",\"@id\":\"https:\\\/\\\/santamonica.archimadrid.es\\\/index.php\\\/2025\\\/04\\\/11\\\/semana-santa-2025-horario\\\/#article\",\"isPartOf\":{\"@id\":\"https:\\\/\\\/santamonica.archimadrid.es\\\/index.php\\\/2025\\\/04\\\/11\\\/semana-santa-2025-horario\\\/\"},\"author\":{\"name\":\"admin\",\"@id\":\"https:\\\/\\\/santamonica.archimadrid.es\\\/#\\\/schema\\\/person\\\/4927175b4d58d4c40097a9455f609de3\"},\"headline\":\"SEMANA SANTA 2025 &#8211; Horarios\",\"datePublished\":\"2025-04-11T22:57:13+00:00\",\"dateModified\":\"2025-04-15T14:11:39+00:00\",\"mainEntityOfPage\":{\"@id\":\"https:\\\/\\\/santamonica.archimadrid.es\\\/index.php\\\/2025\\\/04\\\/11\\\/semana-santa-2025-horario\\\/\"},\"wordCount\":642,\"commentCount\":0,\"publisher\":{\"@id\":\"https:\\\/\\\/santamonica.archimadrid.es\\\/#organization\"},\"image\":{\"@id\":\"https:\\\/\\\/santamonica.archimadrid.es\\\/index.php\\\/2025\\\/04\\\/11\\\/semana-santa-2025-horario\\\/#primaryimage\"},\"thumbnailUrl\":\"https:\\\/\\\/santamonica.archimadrid.es\\\/wp-content\\\/uploads\\\/2025\\\/04\\\/SEMANA.SANTA_.2025-Horarios.jpg\",\"articleSection\":[\"Celebraciones\",\"Semana Santa\"],\"inLanguage\":\"es\",\"potentialAction\":[{\"@type\":\"CommentAction\",\"name\":\"Comment\",\"target\":[\"https:\\\/\\\/santamonica.archimadrid.es\\\/index.php\\\/2025\\\/04\\\/11\\\/semana-santa-2025-horario\\\/#respond\"]}]},{\"@type\":\"WebPage\",\"@id\":\"https:\\\/\\\/santamonica.archimadrid.es\\\/index.php\\\/2025\\\/04\\\/11\\\/semana-santa-2025-horario\\\/\",\"url\":\"https:\\\/\\\/santamonica.archimadrid.es\\\/index.php\\\/2025\\\/04\\\/11\\\/semana-santa-2025-horario\\\/\",\"name\":\"SEMANA SANTA 2025 - Horarios - Parroquia de Santa M\u00f3nica Agustinos Recoletos\",\"isPartOf\":{\"@id\":\"https:\\\/\\\/santamonica.archimadrid.es\\\/#website\"},\"primaryImageOfPage\":{\"@id\":\"https:\\\/\\\/santamonica.archimadrid.es\\\/index.php\\\/2025\\\/04\\\/11\\\/semana-santa-2025-horario\\\/#primaryimage\"},\"image\":{\"@id\":\"https:\\\/\\\/santamonica.archimadrid.es\\\/index.php\\\/2025\\\/04\\\/11\\\/semana-santa-2025-horario\\\/#primaryimage\"},\"thumbnailUrl\":\"https:\\\/\\\/santamonica.archimadrid.es\\\/wp-content\\\/uploads\\\/2025\\\/04\\\/SEMANA.SANTA_.2025-Horarios.jpg\",\"datePublished\":\"2025-04-11T22:57:13+00:00\",\"dateModified\":\"2025-04-15T14:11:39+00:00\",\"description\":\"Horarios celebraciones de Semana Santa en la Parroquia Santa M\u00f3nica.. Domingo de Ramos, Triduo Pascual. Domingo de Pascua de Resurrecci\u00f3n\",\"breadcrumb\":{\"@id\":\"https:\\\/\\\/santamonica.archimadrid.es\\\/index.php\\\/2025\\\/04\\\/11\\\/semana-santa-2025-horario\\\/#breadcrumb\"},\"inLanguage\":\"es\",\"potentialAction\":[{\"@type\":\"ReadAction\",\"target\":[\"https:\\\/\\\/santamonica.archimadrid.es\\\/index.php\\\/2025\\\/04\\\/11\\\/semana-santa-2025-horario\\\/\"]}]},{\"@type\":\"BreadcrumbList\",\"@id\":\"https:\\\/\\\/santamonica.archimadrid.es\\\/index.php\\\/2025\\\/04\\\/11\\\/semana-santa-2025-horario\\\/#breadcrumb\",\"itemListElement\":[{\"@type\":\"ListItem\",\"position\":1,\"name\":\"Portada\",\"item\":\"https:\\\/\\\/santamonica.archimadrid.es\\\/\"},{\"@type\":\"ListItem\",\"position\":2,\"name\":\"SEMANA SANTA 2025 &#8211; Horarios\"}]},{\"@type\":\"WebSite\",\"@id\":\"https:\\\/\\\/santamonica.archimadrid.es\\\/#website\",\"url\":\"https:\\\/\\\/santamonica.archimadrid.es\\\/\",\"name\":\"Parroquia de Santa M\u00f3nica Agustinos Recoletos\",\"description\":\"P\u00e1gina oficial de la Parroquia Santa M\u00f3nica. Actividades parroquiales, noticias de la parroquia y de la iglesia. Servicios Parroquiales. Sacramentos. Devoci\u00f3n a Santa M\u00f3nica, madre de San Agust\u00edn. Promoci\u00f3n Madres Cristianas Santa M\u00f3nica. Oraci\u00f3n por la fe de los hijos y de las familias Devoci\u00f3n a San Ezequiel Moreno. Oraci\u00f3n por los enfermos.\",\"publisher\":{\"@id\":\"https:\\\/\\\/santamonica.archimadrid.es\\\/#organization\"},\"potentialAction\":[{\"@type\":\"SearchAction\",\"target\":{\"@type\":\"EntryPoint\",\"urlTemplate\":\"https:\\\/\\\/santamonica.archimadrid.es\\\/?s={search_term_string}\"},\"query-input\":{\"@type\":\"PropertyValueSpecification\",\"valueRequired\":true,\"valueName\":\"search_term_string\"}}],\"inLanguage\":\"es\"},{\"@type\":\"Organization\",\"@id\":\"https:\\\/\\\/santamonica.archimadrid.es\\\/#organization\",\"name\":\"Parroquia de Santa M\u00f3nica Agustinos Recoletos\",\"url\":\"https:\\\/\\\/santamonica.archimadrid.es\\\/\",\"logo\":{\"@type\":\"ImageObject\",\"inLanguage\":\"es\",\"@id\":\"https:\\\/\\\/santamonica.archimadrid.es\\\/#\\\/schema\\\/logo\\\/image\\\/\",\"url\":\"https:\\\/\\\/santamonica.archimadrid.es\\\/wp-content\\\/uploads\\\/2022\\\/09\\\/icono_parroquia_tamonica-1.jpg\",\"contentUrl\":\"https:\\\/\\\/santamonica.archimadrid.es\\\/wp-content\\\/uploads\\\/2022\\\/09\\\/icono_parroquia_tamonica-1.jpg\",\"width\":1440,\"height\":1776,\"caption\":\"Parroquia de Santa M\u00f3nica Agustinos Recoletos\"},\"image\":{\"@id\":\"https:\\\/\\\/santamonica.archimadrid.es\\\/#\\\/schema\\\/logo\\\/image\\\/\"}},{\"@type\":\"Person\",\"@id\":\"https:\\\/\\\/santamonica.archimadrid.es\\\/#\\\/schema\\\/person\\\/4927175b4d58d4c40097a9455f609de3\",\"name\":\"admin\",\"image\":{\"@type\":\"ImageObject\",\"inLanguage\":\"es\",\"@id\":\"https:\\\/\\\/secure.gravatar.com\\\/avatar\\\/7898691b75ee12f4c1b3d2e97ebe759359e855b227fcc4e81d27339110715d2a?s=96&d=mm&r=g\",\"url\":\"https:\\\/\\\/secure.gravatar.com\\\/avatar\\\/7898691b75ee12f4c1b3d2e97ebe759359e855b227fcc4e81d27339110715d2a?s=96&d=mm&r=g\",\"contentUrl\":\"https:\\\/\\\/secure.gravatar.com\\\/avatar\\\/7898691b75ee12f4c1b3d2e97ebe759359e855b227fcc4e81d27339110715d2a?s=96&d=mm&r=g\",\"caption\":\"admin\"},\"sameAs\":[\"https:\\\/\\\/santamonica.archimadrid.es\"],\"url\":\"https:\\\/\\\/santamonica.archimadrid.es\\\/index.php\\\/author\\\/stamonica\\\/\"}]}<\/script>\n<!-- \/ Yoast SEO plugin. -->","yoast_head_json":{"title":"SEMANA SANTA 2025 - Horarios - Parroquia de Santa M\u00f3nica Agustinos Recoletos","description":"Horarios celebraciones de Semana Santa en la Parroquia Santa M\u00f3nica.. Domingo de Ramos, Triduo Pascual. Domingo de Pascua de Resurrecci\u00f3n","robots":{"index":"index","follow":"follow","max-snippet":"max-snippet:-1","max-image-preview":"max-image-preview:large","max-video-preview":"max-video-preview:-1"},"canonical":"https:\/\/santamonica.archimadrid.es\/index.php\/2025\/04\/11\/semana-santa-2025-horario\/","og_locale":"es_ES","og_type":"article","og_title":"SEMANA SANTA 2025 - Horarios - Parroquia de Santa M\u00f3nica Agustinos Recoletos","og_description":"Horarios celebraciones de Semana Santa en la Parroquia Santa M\u00f3nica.. Domingo de Ramos, Triduo Pascual. Domingo de Pascua de Resurrecci\u00f3n","og_url":"https:\/\/santamonica.archimadrid.es\/index.php\/2025\/04\/11\/semana-santa-2025-horario\/","og_site_name":"Parroquia de Santa M\u00f3nica Agustinos Recoletos","article_published_time":"2025-04-11T22:57:13+00:00","article_modified_time":"2025-04-15T14:11:39+00:00","og_image":[{"width":1024,"height":621,"url":"https:\/\/santamonica.archimadrid.es\/wp-content\/uploads\/2025\/04\/SEMANA.SANTA_.2025-Horarios.jpg","type":"image\/jpeg"}],"author":"admin","twitter_card":"summary_large_image","twitter_misc":{"Escrito por":"admin","Tiempo de lectura":"1 minuto"},"schema":{"@context":"https:\/\/schema.org","@graph":[{"@type":"Article","@id":"https:\/\/santamonica.archimadrid.es\/index.php\/2025\/04\/11\/semana-santa-2025-horario\/#article","isPartOf":{"@id":"https:\/\/santamonica.archimadrid.es\/index.php\/2025\/04\/11\/semana-santa-2025-horario\/"},"author":{"name":"admin","@id":"https:\/\/santamonica.archimadrid.es\/#\/schema\/person\/4927175b4d58d4c40097a9455f609de3"},"headline":"SEMANA SANTA 2025 &#8211; Horarios","datePublished":"2025-04-11T22:57:13+00:00","dateModified":"2025-04-15T14:11:39+00:00","mainEntityOfPage":{"@id":"https:\/\/santamonica.archimadrid.es\/index.php\/2025\/04\/11\/semana-santa-2025-horario\/"},"wordCount":642,"commentCount":0,"publisher":{"@id":"https:\/\/santamonica.archimadrid.es\/#organization"},"image":{"@id":"https:\/\/santamonica.archimadrid.es\/index.php\/2025\/04\/11\/semana-santa-2025-horario\/#primaryimage"},"thumbnailUrl":"https:\/\/santamonica.archimadrid.es\/wp-content\/uploads\/2025\/04\/SEMANA.SANTA_.2025-Horarios.jpg","articleSection":["Celebraciones","Semana Santa"],"inLanguage":"es","potentialAction":[{"@type":"CommentAction","name":"Comment","target":["https:\/\/santamonica.archimadrid.es\/index.php\/2025\/04\/11\/semana-santa-2025-horario\/#respond"]}]},{"@type":"WebPage","@id":"https:\/\/santamonica.archimadrid.es\/index.php\/2025\/04\/11\/semana-santa-2025-horario\/","url":"https:\/\/santamonica.archimadrid.es\/index.php\/2025\/04\/11\/semana-santa-2025-horario\/","name":"SEMANA SANTA 2025 - Horarios - Parroquia de Santa M\u00f3nica Agustinos Recoletos","isPartOf":{"@id":"https:\/\/santamonica.archimadrid.es\/#website"},"primaryImageOfPage":{"@id":"https:\/\/santamonica.archimadrid.es\/index.php\/2025\/04\/11\/semana-santa-2025-horario\/#primaryimage"},"image":{"@id":"https:\/\/santamonica.archimadrid.es\/index.php\/2025\/04\/11\/semana-santa-2025-horario\/#primaryimage"},"thumbnailUrl":"https:\/\/santamonica.archimadrid.es\/wp-content\/uploads\/2025\/04\/SEMANA.SANTA_.2025-Horarios.jpg","datePublished":"2025-04-11T22:57:13+00:00","dateModified":"2025-04-15T14:11:39+00:00","description":"Horarios celebraciones de Semana Santa en la Parroquia Santa M\u00f3nica.. Domingo de Ramos, Triduo Pascual. Domingo de Pascua de Resurrecci\u00f3n","breadcrumb":{"@id":"https:\/\/santamonica.archimadrid.es\/index.php\/2025\/04\/11\/semana-santa-2025-horario\/#breadcrumb"},"inLanguage":"es","potentialAction":[{"@type":"ReadAction","target":["https:\/\/santamonica.archimadrid.es\/index.php\/2025\/04\/11\/semana-santa-2025-horario\/"]}]},{"@type":"BreadcrumbList","@id":"https:\/\/santamonica.archimadrid.es\/index.php\/2025\/04\/11\/semana-santa-2025-horario\/#breadcrumb","itemListElement":[{"@type":"ListItem","position":1,"name":"Portada","item":"https:\/\/santamonica.archimadrid.es\/"},{"@type":"ListItem","position":2,"name":"SEMANA SANTA 2025 &#8211; Horarios"}]},{"@type":"WebSite","@id":"https:\/\/santamonica.archimadrid.es\/#website","url":"https:\/\/santamonica.archimadrid.es\/","name":"Parroquia de Santa M\u00f3nica Agustinos Recoletos","description":"P\u00e1gina oficial de la Parroquia Santa M\u00f3nica. Actividades parroquiales, noticias de la parroquia y de la iglesia. Servicios Parroquiales. Sacramentos. Devoci\u00f3n a Santa M\u00f3nica, madre de San Agust\u00edn. Promoci\u00f3n Madres Cristianas Santa M\u00f3nica. Oraci\u00f3n por la fe de los hijos y de las familias Devoci\u00f3n a San Ezequiel Moreno. Oraci\u00f3n por los enfermos.","publisher":{"@id":"https:\/\/santamonica.archimadrid.es\/#organization"},"potentialAction":[{"@type":"SearchAction","target":{"@type":"EntryPoint","urlTemplate":"https:\/\/santamonica.archimadrid.es\/?s={search_term_string}"},"query-input":{"@type":"PropertyValueSpecification","valueRequired":true,"valueName":"search_term_string"}}],"inLanguage":"es"},{"@type":"Organization","@id":"https:\/\/santamonica.archimadrid.es\/#organization","name":"Parroquia de Santa M\u00f3nica Agustinos Recoletos","url":"https:\/\/santamonica.archimadrid.es\/","logo":{"@type":"ImageObject","inLanguage":"es","@id":"https:\/\/santamonica.archimadrid.es\/#\/schema\/logo\/image\/","url":"https:\/\/santamonica.archimadrid.es\/wp-content\/uploads\/2022\/09\/icono_parroquia_tamonica-1.jpg","contentUrl":"https:\/\/santamonica.archimadrid.es\/wp-content\/uploads\/2022\/09\/icono_parroquia_tamonica-1.jpg","width":1440,"height":1776,"caption":"Parroquia de Santa M\u00f3nica Agustinos Recoletos"},"image":{"@id":"https:\/\/santamonica.archimadrid.es\/#\/schema\/logo\/image\/"}},{"@type":"Person","@id":"https:\/\/santamonica.archimadrid.es\/#\/schema\/person\/4927175b4d58d4c40097a9455f609de3","name":"admin","image":{"@type":"ImageObject","inLanguage":"es","@id":"https:\/\/secure.gravatar.com\/avatar\/7898691b75ee12f4c1b3d2e97ebe759359e855b227fcc4e81d27339110715d2a?s=96&d=mm&r=g","url":"https:\/\/secure.gravatar.com\/avatar\/7898691b75ee12f4c1b3d2e97ebe759359e855b227fcc4e81d27339110715d2a?s=96&d=mm&r=g","contentUrl":"https:\/\/secure.gravatar.com\/avatar\/7898691b75ee12f4c1b3d2e97ebe759359e855b227fcc4e81d27339110715d2a?s=96&d=mm&r=g","caption":"admin"},"sameAs":["https:\/\/santamonica.archimadrid.es"],"url":"https:\/\/santamonica.archimadrid.es\/index.php\/author\/stamonica\/"}]}},"jetpack_featured_media_url":"https:\/\/santamonica.archimadrid.es\/wp-content\/uploads\/2025\/04\/SEMANA.SANTA_.2025-Horarios.jpg","jetpack_sharing_enabled":true,"_links":{"self":[{"href":"https:\/\/santamonica.archimadrid.es\/index.php\/wp-json\/wp\/v2\/posts\/3304","targetHints":{"allow":["GET"]}}],"collection":[{"href":"https:\/\/santamonica.archimadrid.es\/index.php\/wp-json\/wp\/v2\/posts"}],"about":[{"href":"https:\/\/santamonica.archimadrid.es\/index.php\/wp-json\/wp\/v2\/types\/post"}],"author":[{"embeddable":true,"href":"https:\/\/santamonica.archimadrid.es\/index.php\/wp-json\/wp\/v2\/users\/1"}],"replies":[{"embeddable":true,"href":"https:\/\/santamonica.archimadrid.es\/index.php\/wp-json\/wp\/v2\/comments?post=3304"}],"version-history":[{"count":18,"href":"https:\/\/santamonica.archimadrid.es\/index.php\/wp-json\/wp\/v2\/posts\/3304\/revisions"}],"predecessor-version":[{"id":3388,"href":"https:\/\/santamonica.archimadrid.es\/index.php\/wp-json\/wp\/v2\/posts\/3304\/revisions\/3388"}],"wp:featuredmedia":[{"embeddable":true,"href":"https:\/\/santamonica.archimadrid.es\/index.php\/wp-json\/wp\/v2\/media\/3386"}],"wp:attachment":[{"href":"https:\/\/santamonica.archimadrid.es\/index.php\/wp-json\/wp\/v2\/media?parent=3304"}],"wp:term":[{"taxonomy":"category","embeddable":true,"href":"https:\/\/santamonica.archimadrid.es\/index.php\/wp-json\/wp\/v2\/categories?post=3304"},{"taxonomy":"post_tag","embeddable":true,"href":"https:\/\/santamonica.archimadrid.es\/index.php\/wp-json\/wp\/v2\/tags?post=3304"}],"curies":[{"name":"wp","href":"https:\/\/api.w.org\/{rel}","templated":true}]}}