{"id":2585,"date":"2023-08-22T01:00:00","date_gmt":"2023-08-22T01:00:00","guid":{"rendered":"https:\/\/santamonica.archimadrid.es\/?p=2585"},"modified":"2023-08-20T18:02:31","modified_gmt":"2023-08-20T18:02:31","slug":"novena-a-santa-monica-5-9-2","status":"publish","type":"post","link":"https:\/\/santamonica.archimadrid.es\/index.php\/2023\/08\/22\/novena-a-santa-monica-5-9-2\/","title":{"rendered":"NOVENA A SANTA M\u00d3NICA (5\/9)"},"content":{"rendered":"\n<figure class=\"wp-block-image aligncenter size-full is-resized\"><img loading=\"lazy\" decoding=\"async\" src=\"https:\/\/santamonica.archimadrid.es\/wp-content\/uploads\/2022\/11\/SantaMonica.parroquiastamonica.madrid.jpg\" alt=\"\" class=\"wp-image-1938\" style=\"width:429px;height:921px\" width=\"429\" height=\"921\"\/><\/figure>\n\n\n<figure class=\"wp-block-image aligncenter is-resized is-style-rounded\"><\/figure>\n<p><!-- \/wp:post-content --><\/p>\n<p><!-- wp:paragraph --><\/p>\n<p style=\"text-align: right;\"><strong> .<\/strong><\/p>\n<p><strong>Modelo de esposa y madre cristiana<\/strong><\/p>\n<p><!-- \/wp:paragraph --><\/p>\n<p><!-- wp:paragraph --><\/p>\n<p><em>Con textos b\u00edblicos para la misa<\/em><\/p>\n<p><!-- \/wp:paragraph --><\/p>\n<p><!-- wp:paragraph --><\/p>\n<p><em><strong>NOTA: Con esta novena nos unimos a todas las mujeres que desean sinceramente ser fieles a su vocaci\u00f3n de esposas y de madres cristianas. Asumimos sus alegr\u00edas y sus penas y les animamos a seguir los ejemplos de Santa M\u00f3nica.<\/strong><\/em><\/p>\n<p><!-- \/wp:paragraph --><\/p>\n<p><!-- wp:paragraph --><\/p>\n<p><em><strong>Que sus l\u00e1grimas y oraciones, unidas a su intercesi\u00f3n en el Cielo, hagan retornar a todos los esposos e hijos extraviados, como sucedi\u00f3 con Patricio y Agust\u00edn.<\/strong><\/em><\/p>\n<p><!-- \/wp:paragraph --><\/p>\n<p><!-- wp:paragraph --><\/p>\n<p><em><strong>No lo olvidemos: Dios es capaz de hacer milagros, milagros de conversi\u00f3n. \u00bfAcaso me complazco en la muerte del pecador? Por tanto, perseveremos en la oraci\u00f3n y veremos las obras de Dios. Am\u00e9n.<\/strong><\/em><\/p>\n<p><!-- \/wp:paragraph --><\/p>\n<p><!-- wp:paragraph --><\/p>\n<p><strong>Rito de entrada<\/strong><\/p>\n<p><!-- \/wp:paragraph --><\/p>\n<p><!-- wp:paragraph --><\/p>\n<p>V. Dios m\u00edo, ven en mi auxilio. R. Se\u00f1or, date prisa en socorrerme. Gloria al Padre\u2026<\/p>\n<p><!-- \/wp:paragraph --><\/p>\n<p><!-- wp:paragraph --><\/p>\n<p><strong>1. Oraci\u00f3n preparatoria<\/strong><\/p>\n<p><!-- \/wp:paragraph --><\/p>\n<p><!-- wp:paragraph --><\/p>\n<p>Padre y Se\u00f1or nuestro, misericordia de cuantos en ti esperan, t\u00fa concediste a tu sierva santa M\u00f3nica el don inapreciable de saber reconciliar las almas entre s\u00ed y contigo; danos a nosotros el ser mensajeros de uni\u00f3n y de paz en nuestros ambientes, sobre todo en la familia, y el poder llevar a ti los corazones de nuestros hermanos con el ejemplo de nuestra vida.<\/p>\n<p><!-- \/wp:paragraph --><\/p>\n<p><!-- wp:paragraph --><\/p>\n<p>T\u00fa que hiciste a M\u00f3nica modelo y ejemplo de esposas, de madres y de viudas, concede por su intercesi\u00f3n la paz y mutuo amor a los casados; el celo y la solicitud en la educaci\u00f3n de los hijos, a las madres; obediencia y docilidad, a los hijos; la santidad de vida, a las viudas; y a todos, el fiel seguimiento de Cristo, nuestro \u00fanico y verdadero maestro. Te lo pedimos por el mismo Jesucristo Nuestro Se\u00f1or. Am\u00e9n.<\/p>\n<p><!-- \/wp:paragraph --><\/p>\n<p><!-- wp:paragraph --><\/p>\n<p><strong>2. Textos b\u00edblicos y agustinianos para el d\u00eda primero<\/strong><\/p>\n<p><!-- \/wp:paragraph --><\/p>\n<p><!-- wp:paragraph --><\/p>\n<p><strong>SANTA M\u00d3NICA ORA Y LLORA MIENTRAS SU HIJO EST\u00c1 AUSENTE<\/strong><\/p>\n<p><strong><em>1.- Textos b\u00edblicos para la misa<\/em><\/strong><\/p>\n<p>\u2022 Proverbios, 31, 10-31. La mujer perfecta.<\/p>\n<p>\u2022 Salmo 29, 2-9.11-13. M. Ag. p\u00e1g. 88.<\/p>\n<p>\u2022 Mateo, 7, 7-12. Perseverancia en la oraci\u00f3n.<\/p>\n<p><strong><em>2.- Textos agustinianos<\/em><\/strong><\/p>\n<p>\u201cLlegado a esta ciudad, me alcanz\u00f3 el azote de una enfermedad corporal. Mi madre no estaba enterada de mi postraci\u00f3n, pero oraba en mi ausencia por m\u00ed. Y t\u00fa (Dios m\u00edo), que estabas continuamente presente donde ella estaba, la o\u00edas a ella. Y donde estaba yo, ten\u00edas piedad de m\u00ed para que recobrase mi salud corporal, manteni\u00e9ndose todav\u00eda la enfermedad de mi imp\u00edo coraz\u00f3n.<\/p>\n<p>Pero t\u00fa no consentiste que muriera en tal estado, puesto que esto ser\u00eda como morir dos veces. Y si el coraz\u00f3n de mi madre sufr\u00eda un desgarr\u00f3n de este tipo, ya no tendr\u00eda recuperaci\u00f3n posible. No tengo palabras para describir el gran amor que me ten\u00eda, y con cu\u00e1nto mayor empe\u00f1o procuraba darme a luz en el esp\u00edritu, muy por encima del empe\u00f1o con que me hab\u00eda dado a luz seg\u00fan la carne.<\/p>\n<p>As\u00ed que no acabo de ver c\u00f3mo hubiese podido convalecer ante el golpe de mi muerte en tal estado. Habr\u00eda sido una aut\u00e9ntica pu\u00f1alada en sus entra\u00f1as amorosas. \u00bfY d\u00f3nde estar\u00edan ahora tantas y tantas oraciones como sin cesar te dirig\u00eda? Por supuesto, que muy cerca de ti y en ninguna otra parte.<\/p>\n<p>\u00bfIbas a despreciar t\u00fa las l\u00e1grimas con que ella te ped\u00eda no oro ni plata, ni bienes mudables o volubles, sino la salvaci\u00f3n del alma de su hijo? De ninguna manera, Se\u00f1or, sino todo lo contrario. T\u00fa la apoyabas y la escuchabas, secundando sus peticiones seg\u00fan el orden que ten\u00edas predestinado para tu actuaci\u00f3n\u201d\u00a0<em>(Confesiones 5, 9).<\/em><\/p>\n<p><strong>3. Oraci\u00f3n de los fieles<\/strong><\/p>\n<p>Dios, Nuestro Se\u00f1or, concedi\u00f3 a santa M\u00f3nica la conversi\u00f3n de su esposo Patricio y de su hijo Agust\u00edn. Pidamos por intercesi\u00f3n de ella un esp\u00edritu de verdadera conversi\u00f3n y una verdadera comprensi\u00f3n y amor a los dem\u00e1s.<\/p>\n<p>Despu\u00e9s de cada invocaci\u00f3n:\u00a0<em>Se\u00f1or, que tu gracia nos santifique.<\/em><\/p>\n<p>\u2013 Por todos los c\u00f3nyuges cristianos que tienen dificultades en su vida familiar, para que sepan ofrecerse mutuamente consuelo y ayuda. Oremos.<br \/>R.\u00a0<em>Se\u00f1or, que tu gracia nos santifique.<\/em><\/p>\n<p>\u2013 Por todas las madres cristianas del mundo, para que sepan conducir a sus hijos hacia ti. Oremos.<br \/>R.\u00a0<em>Se\u00f1or, que tu gracia nos santifique.<\/em><\/p>\n<p>\u2013 Por cuantos sufren soledad y abandono en la sociedad o sufren por las debilidades morales de sus seres queridos. Oremos.<br \/>R.\u00a0<em>Se\u00f1or, que tu gracia nos santifique.<\/em><\/p>\n<p>\u2013 Por todos los que buscan la verdad y trabajan por ser fieles a tus preceptos y ense\u00f1anzas. Oremos.<br \/>R.\u00a0<em>Se\u00f1or, que tu gracia nos santifique.<\/em><\/p>\n<p>\u2013 Por el florecimiento de vocaciones a la vida agustino-recoleta seglar y religiosa, y por la perseverancia y fidelidad de cuantos se han comprometido a seguir a Cristo imitando a san Agust\u00edn. Oremos.<br \/>R.\u00a0<em>Se\u00f1or, que tu gracia nos santifique.<\/em><\/p>\n<p>\u2013 Por todos los educadores, para que busquen siempre y sobre todo el bien espiritual de las personas a ellos confiadas. Oremos.<br \/>R.\u00a0<em>Se\u00f1or, que tu gracia nos santifique.<\/em><\/p>\n<p><em>Se pide la gracia que se desea alcanzar (pausa).<\/em><\/p>\n<p><!-- \/wp:paragraph --><\/p>\n<p><!-- wp:paragraph --><\/p>\n<p><!-- \/wp:paragraph --><\/p>\n<p><!-- wp:paragraph --><\/p>\n<p>4.\u00a0<strong>Oraci\u00f3n final<\/strong><\/p>\n<p><!-- \/wp:paragraph --><\/p>\n<p><!-- wp:paragraph --><\/p>\n<p>Escucha, Padre de bondad, nuestras oraciones, y t\u00fa que concediste a santa M\u00f3nica que con su vida, sus oraciones y sus l\u00e1grimas ganara para ti a su marido Patricio y a su hijo Agust\u00edn, conc\u00e9denos, por su intercesi\u00f3n, que hagamos de nuestras vidas una ofrenda perenne en tu honor y al servicio de los hermanos.<\/p>\n<p><!-- \/wp:paragraph --><\/p>\n<p><!-- wp:paragraph --><\/p>\n<p>Por nuestro Se\u00f1or Jesucristo, tu Hijo, que vive y reina contigo en la unidad del Esp\u00edritu Santo y es Dios por los siglos de los siglos. Am\u00e9n.<\/p>\n<p><!-- \/wp:paragraph --><\/p>\n<p><!-- wp:paragraph --><\/p>\n<p><strong>Rito de despedida<\/strong><\/p>\n<p><!-- \/wp:paragraph --><\/p>\n<p><!-- wp:paragraph --><\/p>\n<p>El Se\u00f1or nos bendiga, nos guarde de todo mal y nos lleve a la vida eterna. Am\u00e9n.<\/p>\n<p><!-- \/wp:paragraph --><\/p>\n<p><!-- wp:paragraph --><\/p>\n<p>V. Bienaventurada santa M\u00f3nica<\/p>\n<p>R. Ruega por nosotros.<\/p>\n<p>V. Glorioso padre san Agust\u00edn<\/p>\n<p>R. Ruega por nosotros.<\/p>\n<p><!-- \/wp:paragraph --><\/p>\n<p><!-- wp:spacer --><\/p>\n<div class=\"wp-block-spacer\" style=\"height: 100px;\" aria-hidden=\"true\">\u00a0<\/div>\n<div aria-hidden=\"true\">\u00a0<\/div>\n<p><!-- \/wp:spacer --><\/p>\n<p><!-- wp:separator --><\/p>\n<hr class=\"wp-block-separator has-alpha-channel-opacity\" \/><!-- \/wp:separator --><\/p>\n<div class=\"wp-block-columns\"><!-- wp:column --><\/p>\n<div class=\"wp-block-column\"><!-- wp:freeform --><\/div>\n<\/div>\n<p><!-- wp:spacer {\"height\":\"5px\"} --><\/p>\n<div class=\"wp-block-spacer\" style=\"height: 5px;\" aria-hidden=\"true\">\u00a0<\/div>\n<p><!-- \/wp:spacer --><\/p>\n<p><!-- wp:media-text {\"align\":\"full\",\"mediaPosition\":\"right\",\"mediaId\":1938,\"mediaLink\":\"https:\/\/santamonica.archimadrid.es\/index.php\/2022\/11\/07\/agradecimiento-a-la-feligresia\/btr\/\",\"mediaType\":\"image\"} --><\/p>\n<div class=\"wp-block-media-text alignfull has-media-on-the-right is-stacked-on-mobile\">\n<div class=\"wp-block-media-text__content\"><!-- wp:freeform --><\/p>\n<p><!-- \/wp:freeform --><\/p>\n<\/div>\n<figure class=\"wp-block-media-text__media\"><\/figure>\n<\/div>\n<p><!-- \/wp:media-text --><\/p><!-- \/wp:freeform --><!-- \/wp:column --><\/p>\n<p><!-- wp:columns --><\/p>\n<div class=\"wp-block-columns\"><!-- wp:column --><\/p>\n<div class=\"wp-block-column\"><!-- wp:freeform --><\/div>\n<\/div>\n<p><!-- wp:spacer {\"height\":\"5px\"} --><\/p>\n<div class=\"wp-block-spacer\" style=\"height: 5px;\" aria-hidden=\"true\">\u00a0<\/div>\n<p><!-- \/wp:spacer --><\/p>\n<p><!-- wp:media-text {\"align\":\"full\",\"mediaPosition\":\"right\",\"mediaId\":1938,\"mediaLink\":\"https:\/\/santamonica.archimadrid.es\/index.php\/2022\/11\/07\/agradecimiento-a-la-feligresia\/btr\/\",\"mediaType\":\"image\"} --><\/p>\n<div class=\"wp-block-media-text alignfull has-media-on-the-right is-stacked-on-mobile\">\n<div class=\"wp-block-media-text__content\"><!-- wp:freeform --><\/p>\n<p><!-- \/wp:freeform --><\/p>\n<\/div>\n<figure class=\"wp-block-media-text__media\"><\/figure>\n<\/div>\n<p><!-- \/wp:media-text --><\/p><!-- \/wp:post-content -->","protected":false},"excerpt":{"rendered":"<p>. Modelo de esposa y madre cristiana Con textos b\u00edblicos para la misa NOTA: Con esta novena nos unimos a todas las mujeres que desean sinceramente ser fieles a su vocaci\u00f3n de esposas y de madres cristianas. Asumimos sus alegr\u00edas y sus penas y les animamos a seguir los ejemplos de Santa M\u00f3nica. Que sus [&hellip;]<\/p>\n","protected":false},"author":1,"featured_media":1957,"comment_status":"open","ping_status":"closed","sticky":false,"template":"","format":"standard","meta":{"_et_pb_use_builder":"","_et_pb_old_content":"","_et_gb_content_width":"","cybocfi_hide_featured_image":"yes","_jetpack_memberships_contains_paid_content":false,"footnotes":""},"categories":[16,14],"tags":[26],"class_list":["post-2585","post","type-post","status-publish","format-standard","has-post-thumbnail","hentry","category-cartelera-parroquial","category-santa-monica","tag-novena-a-santa-monica"],"yoast_head":"<!-- This site is optimized with the Yoast SEO plugin v27.5 - https:\/\/yoast.com\/product\/yoast-seo-wordpress\/ -->\n<title>NOVENA A SANTA M\u00d3NICA (5\/9) - Parroquia de Santa M\u00f3nica Agustinos Recoletos<\/title>\n<meta name=\"description\" content=\"Novena Santa M\u00f3nica modelo madre y esposa cristiana. Fiesta 27 agosto. Oraci\u00f3n por la familia. Oraci\u00f3n por los hijos. Educaci\u00f3n Cristiana.\" \/>\n<meta name=\"robots\" content=\"index, follow, max-snippet:-1, max-image-preview:large, max-video-preview:-1\" \/>\n<link rel=\"canonical\" href=\"https:\/\/santamonica.archimadrid.es\/index.php\/2023\/08\/22\/novena-a-santa-monica-5-9-2\/\" \/>\n<meta property=\"og:locale\" content=\"es_ES\" \/>\n<meta property=\"og:type\" content=\"article\" \/>\n<meta property=\"og:title\" content=\"NOVENA A SANTA M\u00d3NICA (5\/9) - Parroquia de Santa M\u00f3nica Agustinos Recoletos\" \/>\n<meta property=\"og:description\" content=\"Novena Santa M\u00f3nica modelo madre y esposa cristiana. Fiesta 27 agosto. Oraci\u00f3n por la familia. Oraci\u00f3n por los hijos. Educaci\u00f3n Cristiana.\" \/>\n<meta property=\"og:url\" content=\"https:\/\/santamonica.archimadrid.es\/index.php\/2023\/08\/22\/novena-a-santa-monica-5-9-2\/\" \/>\n<meta property=\"og:site_name\" content=\"Parroquia de Santa M\u00f3nica Agustinos Recoletos\" \/>\n<meta property=\"article:published_time\" content=\"2023-08-22T01:00:00+00:00\" \/>\n<meta property=\"og:image\" content=\"https:\/\/santamonica.archimadrid.es\/wp-content\/uploads\/2022\/11\/SantaMonica.parroquiastamonica.madrid-imagendestacada.jpg\" \/>\n\t<meta property=\"og:image:width\" content=\"843\" \/>\n\t<meta property=\"og:image:height\" content=\"913\" \/>\n\t<meta property=\"og:image:type\" content=\"image\/jpeg\" \/>\n<meta name=\"author\" content=\"admin\" \/>\n<meta name=\"twitter:card\" content=\"summary_large_image\" \/>\n<meta name=\"twitter:label1\" content=\"Escrito por\" \/>\n\t<meta name=\"twitter:data1\" content=\"admin\" \/>\n\t<meta name=\"twitter:label2\" content=\"Tiempo de lectura\" \/>\n\t<meta name=\"twitter:data2\" content=\"5 minutos\" \/>\n<script type=\"application\/ld+json\" class=\"yoast-schema-graph\">{\"@context\":\"https:\\\/\\\/schema.org\",\"@graph\":[{\"@type\":\"Article\",\"@id\":\"https:\\\/\\\/santamonica.archimadrid.es\\\/index.php\\\/2023\\\/08\\\/22\\\/novena-a-santa-monica-5-9-2\\\/#article\",\"isPartOf\":{\"@id\":\"https:\\\/\\\/santamonica.archimadrid.es\\\/index.php\\\/2023\\\/08\\\/22\\\/novena-a-santa-monica-5-9-2\\\/\"},\"author\":{\"name\":\"admin\",\"@id\":\"https:\\\/\\\/santamonica.archimadrid.es\\\/#\\\/schema\\\/person\\\/4927175b4d58d4c40097a9455f609de3\"},\"headline\":\"NOVENA A SANTA M\u00d3NICA (5\\\/9)\",\"datePublished\":\"2023-08-22T01:00:00+00:00\",\"mainEntityOfPage\":{\"@id\":\"https:\\\/\\\/santamonica.archimadrid.es\\\/index.php\\\/2023\\\/08\\\/22\\\/novena-a-santa-monica-5-9-2\\\/\"},\"wordCount\":1019,\"commentCount\":0,\"publisher\":{\"@id\":\"https:\\\/\\\/santamonica.archimadrid.es\\\/#organization\"},\"image\":{\"@id\":\"https:\\\/\\\/santamonica.archimadrid.es\\\/index.php\\\/2023\\\/08\\\/22\\\/novena-a-santa-monica-5-9-2\\\/#primaryimage\"},\"thumbnailUrl\":\"https:\\\/\\\/santamonica.archimadrid.es\\\/wp-content\\\/uploads\\\/2022\\\/11\\\/SantaMonica.parroquiastamonica.madrid-imagendestacada.jpg\",\"keywords\":[\"Novena a Santa M\u00f3nica\"],\"articleSection\":[\"Cartelera Parroquial\",\"Santa M\u00f3nica\"],\"inLanguage\":\"es\",\"potentialAction\":[{\"@type\":\"CommentAction\",\"name\":\"Comment\",\"target\":[\"https:\\\/\\\/santamonica.archimadrid.es\\\/index.php\\\/2023\\\/08\\\/22\\\/novena-a-santa-monica-5-9-2\\\/#respond\"]}]},{\"@type\":\"WebPage\",\"@id\":\"https:\\\/\\\/santamonica.archimadrid.es\\\/index.php\\\/2023\\\/08\\\/22\\\/novena-a-santa-monica-5-9-2\\\/\",\"url\":\"https:\\\/\\\/santamonica.archimadrid.es\\\/index.php\\\/2023\\\/08\\\/22\\\/novena-a-santa-monica-5-9-2\\\/\",\"name\":\"NOVENA A SANTA M\u00d3NICA (5\\\/9) - Parroquia de Santa M\u00f3nica Agustinos Recoletos\",\"isPartOf\":{\"@id\":\"https:\\\/\\\/santamonica.archimadrid.es\\\/#website\"},\"primaryImageOfPage\":{\"@id\":\"https:\\\/\\\/santamonica.archimadrid.es\\\/index.php\\\/2023\\\/08\\\/22\\\/novena-a-santa-monica-5-9-2\\\/#primaryimage\"},\"image\":{\"@id\":\"https:\\\/\\\/santamonica.archimadrid.es\\\/index.php\\\/2023\\\/08\\\/22\\\/novena-a-santa-monica-5-9-2\\\/#primaryimage\"},\"thumbnailUrl\":\"https:\\\/\\\/santamonica.archimadrid.es\\\/wp-content\\\/uploads\\\/2022\\\/11\\\/SantaMonica.parroquiastamonica.madrid-imagendestacada.jpg\",\"datePublished\":\"2023-08-22T01:00:00+00:00\",\"description\":\"Novena Santa M\u00f3nica modelo madre y esposa cristiana. Fiesta 27 agosto. Oraci\u00f3n por la familia. Oraci\u00f3n por los hijos. Educaci\u00f3n Cristiana.\",\"breadcrumb\":{\"@id\":\"https:\\\/\\\/santamonica.archimadrid.es\\\/index.php\\\/2023\\\/08\\\/22\\\/novena-a-santa-monica-5-9-2\\\/#breadcrumb\"},\"inLanguage\":\"es\",\"potentialAction\":[{\"@type\":\"ReadAction\",\"target\":[\"https:\\\/\\\/santamonica.archimadrid.es\\\/index.php\\\/2023\\\/08\\\/22\\\/novena-a-santa-monica-5-9-2\\\/\"]}]},{\"@type\":\"BreadcrumbList\",\"@id\":\"https:\\\/\\\/santamonica.archimadrid.es\\\/index.php\\\/2023\\\/08\\\/22\\\/novena-a-santa-monica-5-9-2\\\/#breadcrumb\",\"itemListElement\":[{\"@type\":\"ListItem\",\"position\":1,\"name\":\"Portada\",\"item\":\"https:\\\/\\\/santamonica.archimadrid.es\\\/\"},{\"@type\":\"ListItem\",\"position\":2,\"name\":\"NOVENA A SANTA M\u00d3NICA (5\\\/9)\"}]},{\"@type\":\"WebSite\",\"@id\":\"https:\\\/\\\/santamonica.archimadrid.es\\\/#website\",\"url\":\"https:\\\/\\\/santamonica.archimadrid.es\\\/\",\"name\":\"Parroquia de Santa M\u00f3nica Agustinos Recoletos\",\"description\":\"P\u00e1gina oficial de la Parroquia Santa M\u00f3nica. Actividades parroquiales, noticias de la parroquia y de la iglesia. Servicios Parroquiales. Sacramentos. Devoci\u00f3n a Santa M\u00f3nica, madre de San Agust\u00edn. Promoci\u00f3n Madres Cristianas Santa M\u00f3nica. Oraci\u00f3n por la fe de los hijos y de las familias Devoci\u00f3n a San Ezequiel Moreno. Oraci\u00f3n por los enfermos.\",\"publisher\":{\"@id\":\"https:\\\/\\\/santamonica.archimadrid.es\\\/#organization\"},\"potentialAction\":[{\"@type\":\"SearchAction\",\"target\":{\"@type\":\"EntryPoint\",\"urlTemplate\":\"https:\\\/\\\/santamonica.archimadrid.es\\\/?s={search_term_string}\"},\"query-input\":{\"@type\":\"PropertyValueSpecification\",\"valueRequired\":true,\"valueName\":\"search_term_string\"}}],\"inLanguage\":\"es\"},{\"@type\":\"Organization\",\"@id\":\"https:\\\/\\\/santamonica.archimadrid.es\\\/#organization\",\"name\":\"Parroquia de Santa M\u00f3nica Agustinos Recoletos\",\"url\":\"https:\\\/\\\/santamonica.archimadrid.es\\\/\",\"logo\":{\"@type\":\"ImageObject\",\"inLanguage\":\"es\",\"@id\":\"https:\\\/\\\/santamonica.archimadrid.es\\\/#\\\/schema\\\/logo\\\/image\\\/\",\"url\":\"https:\\\/\\\/santamonica.archimadrid.es\\\/wp-content\\\/uploads\\\/2022\\\/09\\\/icono_parroquia_tamonica-1.jpg\",\"contentUrl\":\"https:\\\/\\\/santamonica.archimadrid.es\\\/wp-content\\\/uploads\\\/2022\\\/09\\\/icono_parroquia_tamonica-1.jpg\",\"width\":1440,\"height\":1776,\"caption\":\"Parroquia de Santa M\u00f3nica Agustinos Recoletos\"},\"image\":{\"@id\":\"https:\\\/\\\/santamonica.archimadrid.es\\\/#\\\/schema\\\/logo\\\/image\\\/\"}},{\"@type\":\"Person\",\"@id\":\"https:\\\/\\\/santamonica.archimadrid.es\\\/#\\\/schema\\\/person\\\/4927175b4d58d4c40097a9455f609de3\",\"name\":\"admin\",\"image\":{\"@type\":\"ImageObject\",\"inLanguage\":\"es\",\"@id\":\"https:\\\/\\\/secure.gravatar.com\\\/avatar\\\/7898691b75ee12f4c1b3d2e97ebe759359e855b227fcc4e81d27339110715d2a?s=96&d=mm&r=g\",\"url\":\"https:\\\/\\\/secure.gravatar.com\\\/avatar\\\/7898691b75ee12f4c1b3d2e97ebe759359e855b227fcc4e81d27339110715d2a?s=96&d=mm&r=g\",\"contentUrl\":\"https:\\\/\\\/secure.gravatar.com\\\/avatar\\\/7898691b75ee12f4c1b3d2e97ebe759359e855b227fcc4e81d27339110715d2a?s=96&d=mm&r=g\",\"caption\":\"admin\"},\"sameAs\":[\"https:\\\/\\\/santamonica.archimadrid.es\"],\"url\":\"https:\\\/\\\/santamonica.archimadrid.es\\\/index.php\\\/author\\\/stamonica\\\/\"}]}<\/script>\n<!-- \/ Yoast SEO plugin. -->","yoast_head_json":{"title":"NOVENA A SANTA M\u00d3NICA (5\/9) - Parroquia de Santa M\u00f3nica Agustinos Recoletos","description":"Novena Santa M\u00f3nica modelo madre y esposa cristiana. Fiesta 27 agosto. Oraci\u00f3n por la familia. Oraci\u00f3n por los hijos. Educaci\u00f3n Cristiana.","robots":{"index":"index","follow":"follow","max-snippet":"max-snippet:-1","max-image-preview":"max-image-preview:large","max-video-preview":"max-video-preview:-1"},"canonical":"https:\/\/santamonica.archimadrid.es\/index.php\/2023\/08\/22\/novena-a-santa-monica-5-9-2\/","og_locale":"es_ES","og_type":"article","og_title":"NOVENA A SANTA M\u00d3NICA (5\/9) - Parroquia de Santa M\u00f3nica Agustinos Recoletos","og_description":"Novena Santa M\u00f3nica modelo madre y esposa cristiana. Fiesta 27 agosto. Oraci\u00f3n por la familia. Oraci\u00f3n por los hijos. Educaci\u00f3n Cristiana.","og_url":"https:\/\/santamonica.archimadrid.es\/index.php\/2023\/08\/22\/novena-a-santa-monica-5-9-2\/","og_site_name":"Parroquia de Santa M\u00f3nica Agustinos Recoletos","article_published_time":"2023-08-22T01:00:00+00:00","og_image":[{"width":843,"height":913,"url":"https:\/\/santamonica.archimadrid.es\/wp-content\/uploads\/2022\/11\/SantaMonica.parroquiastamonica.madrid-imagendestacada.jpg","type":"image\/jpeg"}],"author":"admin","twitter_card":"summary_large_image","twitter_misc":{"Escrito por":"admin","Tiempo de lectura":"5 minutos"},"schema":{"@context":"https:\/\/schema.org","@graph":[{"@type":"Article","@id":"https:\/\/santamonica.archimadrid.es\/index.php\/2023\/08\/22\/novena-a-santa-monica-5-9-2\/#article","isPartOf":{"@id":"https:\/\/santamonica.archimadrid.es\/index.php\/2023\/08\/22\/novena-a-santa-monica-5-9-2\/"},"author":{"name":"admin","@id":"https:\/\/santamonica.archimadrid.es\/#\/schema\/person\/4927175b4d58d4c40097a9455f609de3"},"headline":"NOVENA A SANTA M\u00d3NICA (5\/9)","datePublished":"2023-08-22T01:00:00+00:00","mainEntityOfPage":{"@id":"https:\/\/santamonica.archimadrid.es\/index.php\/2023\/08\/22\/novena-a-santa-monica-5-9-2\/"},"wordCount":1019,"commentCount":0,"publisher":{"@id":"https:\/\/santamonica.archimadrid.es\/#organization"},"image":{"@id":"https:\/\/santamonica.archimadrid.es\/index.php\/2023\/08\/22\/novena-a-santa-monica-5-9-2\/#primaryimage"},"thumbnailUrl":"https:\/\/santamonica.archimadrid.es\/wp-content\/uploads\/2022\/11\/SantaMonica.parroquiastamonica.madrid-imagendestacada.jpg","keywords":["Novena a Santa M\u00f3nica"],"articleSection":["Cartelera Parroquial","Santa M\u00f3nica"],"inLanguage":"es","potentialAction":[{"@type":"CommentAction","name":"Comment","target":["https:\/\/santamonica.archimadrid.es\/index.php\/2023\/08\/22\/novena-a-santa-monica-5-9-2\/#respond"]}]},{"@type":"WebPage","@id":"https:\/\/santamonica.archimadrid.es\/index.php\/2023\/08\/22\/novena-a-santa-monica-5-9-2\/","url":"https:\/\/santamonica.archimadrid.es\/index.php\/2023\/08\/22\/novena-a-santa-monica-5-9-2\/","name":"NOVENA A SANTA M\u00d3NICA (5\/9) - Parroquia de Santa M\u00f3nica Agustinos Recoletos","isPartOf":{"@id":"https:\/\/santamonica.archimadrid.es\/#website"},"primaryImageOfPage":{"@id":"https:\/\/santamonica.archimadrid.es\/index.php\/2023\/08\/22\/novena-a-santa-monica-5-9-2\/#primaryimage"},"image":{"@id":"https:\/\/santamonica.archimadrid.es\/index.php\/2023\/08\/22\/novena-a-santa-monica-5-9-2\/#primaryimage"},"thumbnailUrl":"https:\/\/santamonica.archimadrid.es\/wp-content\/uploads\/2022\/11\/SantaMonica.parroquiastamonica.madrid-imagendestacada.jpg","datePublished":"2023-08-22T01:00:00+00:00","description":"Novena Santa M\u00f3nica modelo madre y esposa cristiana. Fiesta 27 agosto. Oraci\u00f3n por la familia. Oraci\u00f3n por los hijos. Educaci\u00f3n Cristiana.","breadcrumb":{"@id":"https:\/\/santamonica.archimadrid.es\/index.php\/2023\/08\/22\/novena-a-santa-monica-5-9-2\/#breadcrumb"},"inLanguage":"es","potentialAction":[{"@type":"ReadAction","target":["https:\/\/santamonica.archimadrid.es\/index.php\/2023\/08\/22\/novena-a-santa-monica-5-9-2\/"]}]},{"@type":"BreadcrumbList","@id":"https:\/\/santamonica.archimadrid.es\/index.php\/2023\/08\/22\/novena-a-santa-monica-5-9-2\/#breadcrumb","itemListElement":[{"@type":"ListItem","position":1,"name":"Portada","item":"https:\/\/santamonica.archimadrid.es\/"},{"@type":"ListItem","position":2,"name":"NOVENA A SANTA M\u00d3NICA (5\/9)"}]},{"@type":"WebSite","@id":"https:\/\/santamonica.archimadrid.es\/#website","url":"https:\/\/santamonica.archimadrid.es\/","name":"Parroquia de Santa M\u00f3nica Agustinos Recoletos","description":"P\u00e1gina oficial de la Parroquia Santa M\u00f3nica. Actividades parroquiales, noticias de la parroquia y de la iglesia. Servicios Parroquiales. Sacramentos. Devoci\u00f3n a Santa M\u00f3nica, madre de San Agust\u00edn. Promoci\u00f3n Madres Cristianas Santa M\u00f3nica. Oraci\u00f3n por la fe de los hijos y de las familias Devoci\u00f3n a San Ezequiel Moreno. Oraci\u00f3n por los enfermos.","publisher":{"@id":"https:\/\/santamonica.archimadrid.es\/#organization"},"potentialAction":[{"@type":"SearchAction","target":{"@type":"EntryPoint","urlTemplate":"https:\/\/santamonica.archimadrid.es\/?s={search_term_string}"},"query-input":{"@type":"PropertyValueSpecification","valueRequired":true,"valueName":"search_term_string"}}],"inLanguage":"es"},{"@type":"Organization","@id":"https:\/\/santamonica.archimadrid.es\/#organization","name":"Parroquia de Santa M\u00f3nica Agustinos Recoletos","url":"https:\/\/santamonica.archimadrid.es\/","logo":{"@type":"ImageObject","inLanguage":"es","@id":"https:\/\/santamonica.archimadrid.es\/#\/schema\/logo\/image\/","url":"https:\/\/santamonica.archimadrid.es\/wp-content\/uploads\/2022\/09\/icono_parroquia_tamonica-1.jpg","contentUrl":"https:\/\/santamonica.archimadrid.es\/wp-content\/uploads\/2022\/09\/icono_parroquia_tamonica-1.jpg","width":1440,"height":1776,"caption":"Parroquia de Santa M\u00f3nica Agustinos Recoletos"},"image":{"@id":"https:\/\/santamonica.archimadrid.es\/#\/schema\/logo\/image\/"}},{"@type":"Person","@id":"https:\/\/santamonica.archimadrid.es\/#\/schema\/person\/4927175b4d58d4c40097a9455f609de3","name":"admin","image":{"@type":"ImageObject","inLanguage":"es","@id":"https:\/\/secure.gravatar.com\/avatar\/7898691b75ee12f4c1b3d2e97ebe759359e855b227fcc4e81d27339110715d2a?s=96&d=mm&r=g","url":"https:\/\/secure.gravatar.com\/avatar\/7898691b75ee12f4c1b3d2e97ebe759359e855b227fcc4e81d27339110715d2a?s=96&d=mm&r=g","contentUrl":"https:\/\/secure.gravatar.com\/avatar\/7898691b75ee12f4c1b3d2e97ebe759359e855b227fcc4e81d27339110715d2a?s=96&d=mm&r=g","caption":"admin"},"sameAs":["https:\/\/santamonica.archimadrid.es"],"url":"https:\/\/santamonica.archimadrid.es\/index.php\/author\/stamonica\/"}]}},"jetpack_featured_media_url":"https:\/\/santamonica.archimadrid.es\/wp-content\/uploads\/2022\/11\/SantaMonica.parroquiastamonica.madrid-imagendestacada.jpg","jetpack_sharing_enabled":true,"_links":{"self":[{"href":"https:\/\/santamonica.archimadrid.es\/index.php\/wp-json\/wp\/v2\/posts\/2585","targetHints":{"allow":["GET"]}}],"collection":[{"href":"https:\/\/santamonica.archimadrid.es\/index.php\/wp-json\/wp\/v2\/posts"}],"about":[{"href":"https:\/\/santamonica.archimadrid.es\/index.php\/wp-json\/wp\/v2\/types\/post"}],"author":[{"embeddable":true,"href":"https:\/\/santamonica.archimadrid.es\/index.php\/wp-json\/wp\/v2\/users\/1"}],"replies":[{"embeddable":true,"href":"https:\/\/santamonica.archimadrid.es\/index.php\/wp-json\/wp\/v2\/comments?post=2585"}],"version-history":[{"count":2,"href":"https:\/\/santamonica.archimadrid.es\/index.php\/wp-json\/wp\/v2\/posts\/2585\/revisions"}],"predecessor-version":[{"id":2599,"href":"https:\/\/santamonica.archimadrid.es\/index.php\/wp-json\/wp\/v2\/posts\/2585\/revisions\/2599"}],"wp:featuredmedia":[{"embeddable":true,"href":"https:\/\/santamonica.archimadrid.es\/index.php\/wp-json\/wp\/v2\/media\/1957"}],"wp:attachment":[{"href":"https:\/\/santamonica.archimadrid.es\/index.php\/wp-json\/wp\/v2\/media?parent=2585"}],"wp:term":[{"taxonomy":"category","embeddable":true,"href":"https:\/\/santamonica.archimadrid.es\/index.php\/wp-json\/wp\/v2\/categories?post=2585"},{"taxonomy":"post_tag","embeddable":true,"href":"https:\/\/santamonica.archimadrid.es\/index.php\/wp-json\/wp\/v2\/tags?post=2585"}],"curies":[{"name":"wp","href":"https:\/\/api.w.org\/{rel}","templated":true}]}}