{"id":1120,"date":"2022-08-26T00:12:27","date_gmt":"2022-08-26T00:12:27","guid":{"rendered":"https:\/\/santamonica.archimadrid.es\/?p=1120"},"modified":"2022-08-31T22:10:54","modified_gmt":"2022-08-31T22:10:54","slug":"novena-a-santa-monica-9-9","status":"publish","type":"post","link":"https:\/\/santamonica.archimadrid.es\/index.php\/2022\/08\/26\/novena-a-santa-monica-9-9\/","title":{"rendered":"NOVENA A SANTA M\u00d3NICA (9\/9)"},"content":{"rendered":"<p><img loading=\"lazy\" decoding=\"async\" class=\"aligncenter wp-image-1112\" src=\"https:\/\/santamonica.archimadrid.es\/wp-content\/uploads\/2022\/08\/St.Augustine-and-St.Monica-stained-glass-300x285.jpeg\" alt=\"\" width=\"400\" height=\"380\" \/><\/p>\n<p><strong>Modelo de esposa y madre cristiana<\/strong><\/p>\n<p><em>Con textos b\u00edblicos para la misa<\/em><\/p>\n<p><em><strong>NOTA: Con esta novena nos unimos a todas las mujeres que desean sinceramente ser fieles a su vocaci\u00f3n de esposas y de madres cristianas. Asumimos sus alegr\u00edas y sus penas y les animamos a seguir los ejemplos de Santa M\u00f3nica.<\/strong><\/em><\/p>\n<p><em><strong>Que sus l\u00e1grimas y oraciones, unidas a su intercesi\u00f3n en el Cielo, hagan retornar a todos los esposos e hijos extraviados, como sucedi\u00f3 con Patricio y Agust\u00edn.<\/strong><\/em><\/p>\n<p><em><strong>No lo olvidemos: Dios es capaz de hacer milagros, sobre todo milagros de conversi\u00f3n. Pues \u00bfacaso Dios se complace en la muerte del pecador? Por tanto, perseveremos en la oraci\u00f3n y veremos las obras de Dios. Am\u00e9n.<\/strong><\/em><\/p>\n<p><strong>Rito de entrada<\/strong><\/p>\n<p>V. Dios m\u00edo, ven en mi auxilio.<br \/>\nR. Se\u00f1or, date prisa en socorrerme.<br \/>\nGloria al Padre\u2026<\/p>\n<p><strong>1. Oraci\u00f3n preparatoria<\/strong><\/p>\n<p>Padre y Se\u00f1or nuestro, misericordia de cuantos en ti esperan, t\u00fa concediste a tu sierva santa M\u00f3nica el don inapreciable de saber reconciliar las almas entre s\u00ed y contigo; danos a nosotros el ser mensajeros de uni\u00f3n y de paz en nuestros ambientes, sobre todo en el hogar, y el poder llevar a ti los corazones de nuestros hermanos con el ejemplo de nuestra vida.<\/p>\n<p>T\u00fa que hiciste a M\u00f3nica modelo y ejemplo de esposas, de madres y de viudas, concede por su intercesi\u00f3n la paz y el mutuo amor a los casados; el celo y la solicitud en la educaci\u00f3n de los hijos, a las madres; obediencia y docilidad, a los hijos; la santidad de vida, a las viudas; y a todos, el fiel seguimiento de Cristo, nuestro \u00fanico y verdadero maestro. Te lo pedimos por el mismo Jesucristo Nuestro Se\u00f1or. Am\u00e9n.<\/p>\n<p><strong>2. Textos b\u00edblicos y agustinianos para el noveno d\u00eda<\/strong><\/p>\n<p><strong>EL \u00c9XTASIS COMPARTIDO DE OSTIA TIBERINA DE M\u00d3NICA Y AGUST\u00cdN<\/strong><\/p>\n<p><em><strong>1.- Textos b\u00edblicos para la misa<\/strong><\/em><\/p>\n<p>\u2022 Romanos, 8, 26-39.<br \/>\n\u2022 Salmo 83, 2-6.11. Dichosos los que viven en tu casa. M. Ag. p\u00e1g. 79.<br \/>\n\u2022 San Juan, 17, 1-8.21-24.<\/p>\n<p><strong><em>2.- Textos agustinianos<\/em><\/strong><\/p>\n<p>\u201cEstando ya cercano el d\u00eda de su partida de esta vida, aconteci\u00f3, por tus disposiciones misteriosas, seg\u00fan creo, (Dios m\u00edo), que ella y yo nos hall\u00e1bamos asomados a una ventana que daba al jard\u00edn de la casa donde nos hosped\u00e1bamos. Era en las cercan\u00edas de Ostia Tiberina. All\u00ed, apartados de la gente, tras las fatigas de un viaje pesado, repon\u00edamos fuerzas para la navegaci\u00f3n.<\/p>\n<p>Convers\u00e1bamos, pues, solos los dos, con gran dulzura. Olvid\u00e1ndonos de lo pasado y proyect\u00e1ndonos hasta las realidades que ten\u00edamos delante, busc\u00e1bamos juntos, en presencia de la verdad que eres t\u00fa, cu\u00e1l ser\u00eda la vida eterna de los santos, que ni el ojo vio, ni el o\u00eddo oy\u00f3 ni lleg\u00f3 al coraz\u00f3n del hombre.<\/p>\n<p>Abr\u00edamos con avidez la boca del coraz\u00f3n al elevado chorro de tu fuente, de la fuente de la vida que hay en ti, para que, rociados por ella seg\u00fan nuestra capacidad, pudi\u00e9ramos en cierto modo imaginarnos una realidad tan maravillosa.<\/p>\n<p>Y cuando nuestra reflexi\u00f3n lleg\u00f3 a la conclusi\u00f3n de que, frente al gozo de aquella vida, el placer de los sentidos carnales, por grande que sea y aunque est\u00e9 revestido del m\u00e1ximo brillo corporal, no tiene punto de comparaci\u00f3n y ni siquiera es digno de que se le mencione, tras elevarnos con afecto amoroso, m\u00e1s ardiente hacia \u00e9l mismo, recorrimos gradualmente todas las realidades corporales, incluyendo el cielo desde donde el sol, la luna y las estrellas mandan sus destellos sobre la tierra.<\/p>\n<p>T\u00fa sabes, Se\u00f1or, que aquel d\u00eda, mientras habl\u00e1bamos de estas cosas y, mientras al filo de nuestra conversaci\u00f3n sobre estos temas, nos parec\u00eda m\u00e1s vil este mundo con todos sus atractivos, ella a\u00f1adi\u00f3: Hijo, por lo que a m\u00ed respecta, nada en esta vida tiene ya atractivo para m\u00ed. No s\u00e9 qu\u00e9 hago aqu\u00ed ni por qu\u00e9 estoy aqu\u00ed, agotadas ya mis expectativas en este mundo. Una sola raz\u00f3n y deseo me reten\u00edan un poco en esta vida, y era verte cristiano cat\u00f3lico antes de morir. Dios me lo ha dado con creces, puesto que, tras decir adi\u00f3s a la felicidad terrena, te veo siervo suyo. \u00bfQu\u00e9 hago aqu\u00ed?\u201d\u00a0<em>(Confesiones 9, 10).<\/em><\/p>\n<p><strong>3. Oraci\u00f3n de los fieles<\/strong><\/p>\n<p>Dios, nuestro Se\u00f1or, concedi\u00f3 a santa M\u00f3nica la conversi\u00f3n de su esposo Patricio y de su hijo Agust\u00edn. Pidamos por intercesi\u00f3n de ella un esp\u00edritu de verdadera conversi\u00f3n y una verdadera comprensi\u00f3n y amor a los dem\u00e1s.<\/p>\n<p>Despu\u00e9s de cada invocaci\u00f3n:\u00a0<em>Se\u00f1or, que tu gracia nos santifique.<\/em><\/p>\n<p>\u2013 Por todos los c\u00f3nyuges cristianos que tienen dificultades en su vida familiar, para que sepan ofrecerse mutuamente consuelo y ayuda. Oremos.<br \/>\nR.\u00a0<em>Se\u00f1or, que tu gracia nos santifique.<\/em><\/p>\n<p>\u2013 Por todas las madres cristianas del mundo, para que sepan conducir a sus hijos hacia ti. Oremos.<br \/>\nR.\u00a0<em>Se\u00f1or, que tu gracia nos santifique.<\/em><\/p>\n<p>\u2013 Por cuantos sufren soledad y abandono en la sociedad o sufren por las debilidades morales de sus seres queridos. Oremos.<br \/>\nR.\u00a0<em>Se\u00f1or, que tu gracia nos santifique.<\/em><\/p>\n<p>\u2013 Por todos los que buscan la verdad y trabajan por ser fieles a tus preceptos y ense\u00f1anzas. Oremos.<br \/>\nR.\u00a0<em>Se\u00f1or, que tu gracia nos santifique.<\/em><\/p>\n<p>\u2013 Por el florecimiento de vocaciones a la vida agustino-recoleta seglar y religiosa, y por la perseverancia y fidelidad de cuantos se han comprometido a seguir a Cristo imitando a san Agust\u00edn. Oremos.<br \/>\nR.\u00a0<em>Se\u00f1or, que tu gracia nos santifique.<\/em><\/p>\n<p>\u2013 Por las vocaciones a la vida contemplativa, sobre todo entre las monjas agustinas recoletas, y por la fidelidad de cuantas viven este santo prop\u00f3sito por amor a Dios. Oremos.<br \/>\nR.\u00a0<em>Se\u00f1or, que tu gracia nos santifique.<\/em><\/p>\n<p><em>Se pide la gracia que se desea alcanzar (pausa).<\/em><\/p>\n<p>4.\u00a0<strong>Oraci\u00f3n final<\/strong><\/p>\n<p>Escucha, Padre de bondad, nuestras oraciones, y t\u00fa que concediste a santa M\u00f3nica que con su vida, sus oraciones y sus l\u00e1grimas ganara para ti a su marido Patricio y a su hijo Agust\u00edn, conc\u00e9denos, por su intercesi\u00f3n, que hagamos de nuestras vidas una ofrenda perenne en tu honor y al servicio de los hermanos.<br \/>\nPor nuestro Se\u00f1or Jesucristo, tu Hijo, que vive y reina contigo en la unidad del Esp\u00edritu Santo y es Dios por los siglos de los siglos. Am\u00e9n.<\/p>\n<p><strong>Rito de despedida<\/strong><\/p>\n<p>El Se\u00f1or nos bendiga, nos guarde de todo mal y nos lleve a la vida eterna.<br \/>\nAm\u00e9n.<\/p>\n<p>V. Bienaventurada santa M\u00f3nica,<br \/>\nR. Ruega por nosotros.<br \/>\nV. Glorioso padre san Agust\u00edn, ruega por nosotros.<\/p>\n<p><em><strong>NOTA:<\/strong><\/em><\/p>\n<p><em><strong>Enhorabuena a todas las madres y personas devotas que hayan rezado esta novena todos los d\u00edas. La oraci\u00f3n es perseverante y confiada. Las felicito y las animo a esperar con fe, pues los leprosos se curaron \u00abmient<\/strong><\/em><strong><em>ras\u00bb obedec\u00edan a Jes\u00fas e iban a presentarse a los sacerdotes.<\/em><\/strong><\/p>\n<p><strong><em>Ustedes pueden consolarse y volver confiadas a su vida ordinaria, pues la Palabra de Dios ha sido invocada sobre ustedes y sus familias. \u00c1nimo. Bendiciones.<\/em><\/strong><\/p>\n","protected":false},"excerpt":{"rendered":"<p>Modelo de esposa y madre cristiana Con textos b\u00edblicos para la misa NOTA: Con esta novena nos unimos a todas las mujeres que desean sinceramente ser fieles a su vocaci\u00f3n de esposas y de madres cristianas. Asumimos sus alegr\u00edas y sus penas y les animamos a seguir los ejemplos de Santa M\u00f3nica. Que sus l\u00e1grimas [&hellip;]<\/p>\n","protected":false},"author":1,"featured_media":0,"comment_status":"open","ping_status":"closed","sticky":false,"template":"","format":"standard","meta":{"_et_pb_use_builder":"","_et_pb_old_content":"","_et_gb_content_width":"","cybocfi_hide_featured_image":"","_jetpack_memberships_contains_paid_content":false,"footnotes":""},"categories":[11,25,14,22],"tags":[],"class_list":["post-1120","post","type-post","status-publish","format-standard","hentry","category-madres-monicas","category-novenas","category-santa-monica","category-santos-agustinos"],"yoast_head":"<!-- This site is optimized with the Yoast SEO plugin v27.5 - https:\/\/yoast.com\/product\/yoast-seo-wordpress\/ -->\n<title>NOVENA A SANTA M\u00d3NICA (9\/9) - Parroquia de Santa M\u00f3nica Agustinos Recoletos<\/title>\n<meta name=\"description\" content=\"Santa M\u00f3nica, madre de San Agust\u00edn. Novena. \u00c9xtasis de Ostia Tiberina. Modelo de oraci\u00f3n perseverante y confiada, sabidur\u00eda y fortaleza.\" \/>\n<meta name=\"robots\" content=\"index, follow, max-snippet:-1, max-image-preview:large, max-video-preview:-1\" \/>\n<link rel=\"canonical\" href=\"https:\/\/santamonica.archimadrid.es\/index.php\/2022\/08\/26\/novena-a-santa-monica-9-9\/\" \/>\n<meta property=\"og:locale\" content=\"es_ES\" \/>\n<meta property=\"og:type\" content=\"article\" \/>\n<meta property=\"og:title\" content=\"NOVENA A SANTA M\u00d3NICA (9\/9) - Parroquia de Santa M\u00f3nica Agustinos Recoletos\" \/>\n<meta property=\"og:description\" content=\"Santa M\u00f3nica, madre de San Agust\u00edn. Novena. \u00c9xtasis de Ostia Tiberina. Modelo de oraci\u00f3n perseverante y confiada, sabidur\u00eda y fortaleza.\" \/>\n<meta property=\"og:url\" content=\"https:\/\/santamonica.archimadrid.es\/index.php\/2022\/08\/26\/novena-a-santa-monica-9-9\/\" \/>\n<meta property=\"og:site_name\" content=\"Parroquia de Santa M\u00f3nica Agustinos Recoletos\" \/>\n<meta property=\"article:published_time\" content=\"2022-08-26T00:12:27+00:00\" \/>\n<meta property=\"article:modified_time\" content=\"2022-08-31T22:10:54+00:00\" \/>\n<meta property=\"og:image\" content=\"https:\/\/santamonica.archimadrid.es\/wp-content\/uploads\/2022\/08\/St.Augustine-and-St.Monica-stained-glass-300x285.jpeg\" \/>\n<meta name=\"author\" content=\"admin\" \/>\n<meta name=\"twitter:card\" content=\"summary_large_image\" \/>\n<meta name=\"twitter:label1\" content=\"Escrito por\" \/>\n\t<meta name=\"twitter:data1\" content=\"admin\" \/>\n\t<meta name=\"twitter:label2\" content=\"Tiempo de lectura\" \/>\n\t<meta name=\"twitter:data2\" content=\"6 minutos\" \/>\n<script type=\"application\/ld+json\" class=\"yoast-schema-graph\">{\"@context\":\"https:\\\/\\\/schema.org\",\"@graph\":[{\"@type\":\"Article\",\"@id\":\"https:\\\/\\\/santamonica.archimadrid.es\\\/index.php\\\/2022\\\/08\\\/26\\\/novena-a-santa-monica-9-9\\\/#article\",\"isPartOf\":{\"@id\":\"https:\\\/\\\/santamonica.archimadrid.es\\\/index.php\\\/2022\\\/08\\\/26\\\/novena-a-santa-monica-9-9\\\/\"},\"author\":{\"name\":\"admin\",\"@id\":\"https:\\\/\\\/santamonica.archimadrid.es\\\/#\\\/schema\\\/person\\\/4927175b4d58d4c40097a9455f609de3\"},\"headline\":\"NOVENA A SANTA M\u00d3NICA (9\\\/9)\",\"datePublished\":\"2022-08-26T00:12:27+00:00\",\"dateModified\":\"2022-08-31T22:10:54+00:00\",\"mainEntityOfPage\":{\"@id\":\"https:\\\/\\\/santamonica.archimadrid.es\\\/index.php\\\/2022\\\/08\\\/26\\\/novena-a-santa-monica-9-9\\\/\"},\"wordCount\":1218,\"commentCount\":0,\"publisher\":{\"@id\":\"https:\\\/\\\/santamonica.archimadrid.es\\\/#organization\"},\"image\":{\"@id\":\"https:\\\/\\\/santamonica.archimadrid.es\\\/index.php\\\/2022\\\/08\\\/26\\\/novena-a-santa-monica-9-9\\\/#primaryimage\"},\"thumbnailUrl\":\"https:\\\/\\\/santamonica.archimadrid.es\\\/wp-content\\\/uploads\\\/2022\\\/08\\\/St.Augustine-and-St.Monica-stained-glass-300x285.jpeg\",\"articleSection\":[\"Madres M\u00f3nicas\",\"Novenas\",\"Santa M\u00f3nica\",\"Santos Agustinos\"],\"inLanguage\":\"es\",\"potentialAction\":[{\"@type\":\"CommentAction\",\"name\":\"Comment\",\"target\":[\"https:\\\/\\\/santamonica.archimadrid.es\\\/index.php\\\/2022\\\/08\\\/26\\\/novena-a-santa-monica-9-9\\\/#respond\"]}]},{\"@type\":\"WebPage\",\"@id\":\"https:\\\/\\\/santamonica.archimadrid.es\\\/index.php\\\/2022\\\/08\\\/26\\\/novena-a-santa-monica-9-9\\\/\",\"url\":\"https:\\\/\\\/santamonica.archimadrid.es\\\/index.php\\\/2022\\\/08\\\/26\\\/novena-a-santa-monica-9-9\\\/\",\"name\":\"NOVENA A SANTA M\u00d3NICA (9\\\/9) - Parroquia de Santa M\u00f3nica Agustinos Recoletos\",\"isPartOf\":{\"@id\":\"https:\\\/\\\/santamonica.archimadrid.es\\\/#website\"},\"primaryImageOfPage\":{\"@id\":\"https:\\\/\\\/santamonica.archimadrid.es\\\/index.php\\\/2022\\\/08\\\/26\\\/novena-a-santa-monica-9-9\\\/#primaryimage\"},\"image\":{\"@id\":\"https:\\\/\\\/santamonica.archimadrid.es\\\/index.php\\\/2022\\\/08\\\/26\\\/novena-a-santa-monica-9-9\\\/#primaryimage\"},\"thumbnailUrl\":\"https:\\\/\\\/santamonica.archimadrid.es\\\/wp-content\\\/uploads\\\/2022\\\/08\\\/St.Augustine-and-St.Monica-stained-glass-300x285.jpeg\",\"datePublished\":\"2022-08-26T00:12:27+00:00\",\"dateModified\":\"2022-08-31T22:10:54+00:00\",\"description\":\"Santa M\u00f3nica, madre de San Agust\u00edn. Novena. \u00c9xtasis de Ostia Tiberina. Modelo de oraci\u00f3n perseverante y confiada, sabidur\u00eda y fortaleza.\",\"breadcrumb\":{\"@id\":\"https:\\\/\\\/santamonica.archimadrid.es\\\/index.php\\\/2022\\\/08\\\/26\\\/novena-a-santa-monica-9-9\\\/#breadcrumb\"},\"inLanguage\":\"es\",\"potentialAction\":[{\"@type\":\"ReadAction\",\"target\":[\"https:\\\/\\\/santamonica.archimadrid.es\\\/index.php\\\/2022\\\/08\\\/26\\\/novena-a-santa-monica-9-9\\\/\"]}]},{\"@type\":\"ImageObject\",\"inLanguage\":\"es\",\"@id\":\"https:\\\/\\\/santamonica.archimadrid.es\\\/index.php\\\/2022\\\/08\\\/26\\\/novena-a-santa-monica-9-9\\\/#primaryimage\",\"url\":\"https:\\\/\\\/santamonica.archimadrid.es\\\/wp-content\\\/uploads\\\/2022\\\/08\\\/St.Augustine-and-St.Monica-stained-glass.jpeg\",\"contentUrl\":\"https:\\\/\\\/santamonica.archimadrid.es\\\/wp-content\\\/uploads\\\/2022\\\/08\\\/St.Augustine-and-St.Monica-stained-glass.jpeg\",\"width\":640,\"height\":608},{\"@type\":\"BreadcrumbList\",\"@id\":\"https:\\\/\\\/santamonica.archimadrid.es\\\/index.php\\\/2022\\\/08\\\/26\\\/novena-a-santa-monica-9-9\\\/#breadcrumb\",\"itemListElement\":[{\"@type\":\"ListItem\",\"position\":1,\"name\":\"Portada\",\"item\":\"https:\\\/\\\/santamonica.archimadrid.es\\\/\"},{\"@type\":\"ListItem\",\"position\":2,\"name\":\"NOVENA A SANTA M\u00d3NICA (9\\\/9)\"}]},{\"@type\":\"WebSite\",\"@id\":\"https:\\\/\\\/santamonica.archimadrid.es\\\/#website\",\"url\":\"https:\\\/\\\/santamonica.archimadrid.es\\\/\",\"name\":\"Parroquia de Santa M\u00f3nica Agustinos Recoletos\",\"description\":\"P\u00e1gina oficial de la Parroquia Santa M\u00f3nica. Actividades parroquiales, noticias de la parroquia y de la iglesia. Servicios Parroquiales. Sacramentos. Devoci\u00f3n a Santa M\u00f3nica, madre de San Agust\u00edn. Promoci\u00f3n Madres Cristianas Santa M\u00f3nica. Oraci\u00f3n por la fe de los hijos y de las familias Devoci\u00f3n a San Ezequiel Moreno. Oraci\u00f3n por los enfermos.\",\"publisher\":{\"@id\":\"https:\\\/\\\/santamonica.archimadrid.es\\\/#organization\"},\"potentialAction\":[{\"@type\":\"SearchAction\",\"target\":{\"@type\":\"EntryPoint\",\"urlTemplate\":\"https:\\\/\\\/santamonica.archimadrid.es\\\/?s={search_term_string}\"},\"query-input\":{\"@type\":\"PropertyValueSpecification\",\"valueRequired\":true,\"valueName\":\"search_term_string\"}}],\"inLanguage\":\"es\"},{\"@type\":\"Organization\",\"@id\":\"https:\\\/\\\/santamonica.archimadrid.es\\\/#organization\",\"name\":\"Parroquia de Santa M\u00f3nica Agustinos Recoletos\",\"url\":\"https:\\\/\\\/santamonica.archimadrid.es\\\/\",\"logo\":{\"@type\":\"ImageObject\",\"inLanguage\":\"es\",\"@id\":\"https:\\\/\\\/santamonica.archimadrid.es\\\/#\\\/schema\\\/logo\\\/image\\\/\",\"url\":\"https:\\\/\\\/santamonica.archimadrid.es\\\/wp-content\\\/uploads\\\/2022\\\/09\\\/icono_parroquia_tamonica-1.jpg\",\"contentUrl\":\"https:\\\/\\\/santamonica.archimadrid.es\\\/wp-content\\\/uploads\\\/2022\\\/09\\\/icono_parroquia_tamonica-1.jpg\",\"width\":1440,\"height\":1776,\"caption\":\"Parroquia de Santa M\u00f3nica Agustinos Recoletos\"},\"image\":{\"@id\":\"https:\\\/\\\/santamonica.archimadrid.es\\\/#\\\/schema\\\/logo\\\/image\\\/\"}},{\"@type\":\"Person\",\"@id\":\"https:\\\/\\\/santamonica.archimadrid.es\\\/#\\\/schema\\\/person\\\/4927175b4d58d4c40097a9455f609de3\",\"name\":\"admin\",\"image\":{\"@type\":\"ImageObject\",\"inLanguage\":\"es\",\"@id\":\"https:\\\/\\\/secure.gravatar.com\\\/avatar\\\/7898691b75ee12f4c1b3d2e97ebe759359e855b227fcc4e81d27339110715d2a?s=96&d=mm&r=g\",\"url\":\"https:\\\/\\\/secure.gravatar.com\\\/avatar\\\/7898691b75ee12f4c1b3d2e97ebe759359e855b227fcc4e81d27339110715d2a?s=96&d=mm&r=g\",\"contentUrl\":\"https:\\\/\\\/secure.gravatar.com\\\/avatar\\\/7898691b75ee12f4c1b3d2e97ebe759359e855b227fcc4e81d27339110715d2a?s=96&d=mm&r=g\",\"caption\":\"admin\"},\"sameAs\":[\"https:\\\/\\\/santamonica.archimadrid.es\"],\"url\":\"https:\\\/\\\/santamonica.archimadrid.es\\\/index.php\\\/author\\\/stamonica\\\/\"}]}<\/script>\n<!-- \/ Yoast SEO plugin. -->","yoast_head_json":{"title":"NOVENA A SANTA M\u00d3NICA (9\/9) - Parroquia de Santa M\u00f3nica Agustinos Recoletos","description":"Santa M\u00f3nica, madre de San Agust\u00edn. Novena. \u00c9xtasis de Ostia Tiberina. Modelo de oraci\u00f3n perseverante y confiada, sabidur\u00eda y fortaleza.","robots":{"index":"index","follow":"follow","max-snippet":"max-snippet:-1","max-image-preview":"max-image-preview:large","max-video-preview":"max-video-preview:-1"},"canonical":"https:\/\/santamonica.archimadrid.es\/index.php\/2022\/08\/26\/novena-a-santa-monica-9-9\/","og_locale":"es_ES","og_type":"article","og_title":"NOVENA A SANTA M\u00d3NICA (9\/9) - Parroquia de Santa M\u00f3nica Agustinos Recoletos","og_description":"Santa M\u00f3nica, madre de San Agust\u00edn. Novena. \u00c9xtasis de Ostia Tiberina. Modelo de oraci\u00f3n perseverante y confiada, sabidur\u00eda y fortaleza.","og_url":"https:\/\/santamonica.archimadrid.es\/index.php\/2022\/08\/26\/novena-a-santa-monica-9-9\/","og_site_name":"Parroquia de Santa M\u00f3nica Agustinos Recoletos","article_published_time":"2022-08-26T00:12:27+00:00","article_modified_time":"2022-08-31T22:10:54+00:00","og_image":[{"url":"https:\/\/santamonica.archimadrid.es\/wp-content\/uploads\/2022\/08\/St.Augustine-and-St.Monica-stained-glass-300x285.jpeg","type":"","width":"","height":""}],"author":"admin","twitter_card":"summary_large_image","twitter_misc":{"Escrito por":"admin","Tiempo de lectura":"6 minutos"},"schema":{"@context":"https:\/\/schema.org","@graph":[{"@type":"Article","@id":"https:\/\/santamonica.archimadrid.es\/index.php\/2022\/08\/26\/novena-a-santa-monica-9-9\/#article","isPartOf":{"@id":"https:\/\/santamonica.archimadrid.es\/index.php\/2022\/08\/26\/novena-a-santa-monica-9-9\/"},"author":{"name":"admin","@id":"https:\/\/santamonica.archimadrid.es\/#\/schema\/person\/4927175b4d58d4c40097a9455f609de3"},"headline":"NOVENA A SANTA M\u00d3NICA (9\/9)","datePublished":"2022-08-26T00:12:27+00:00","dateModified":"2022-08-31T22:10:54+00:00","mainEntityOfPage":{"@id":"https:\/\/santamonica.archimadrid.es\/index.php\/2022\/08\/26\/novena-a-santa-monica-9-9\/"},"wordCount":1218,"commentCount":0,"publisher":{"@id":"https:\/\/santamonica.archimadrid.es\/#organization"},"image":{"@id":"https:\/\/santamonica.archimadrid.es\/index.php\/2022\/08\/26\/novena-a-santa-monica-9-9\/#primaryimage"},"thumbnailUrl":"https:\/\/santamonica.archimadrid.es\/wp-content\/uploads\/2022\/08\/St.Augustine-and-St.Monica-stained-glass-300x285.jpeg","articleSection":["Madres M\u00f3nicas","Novenas","Santa M\u00f3nica","Santos Agustinos"],"inLanguage":"es","potentialAction":[{"@type":"CommentAction","name":"Comment","target":["https:\/\/santamonica.archimadrid.es\/index.php\/2022\/08\/26\/novena-a-santa-monica-9-9\/#respond"]}]},{"@type":"WebPage","@id":"https:\/\/santamonica.archimadrid.es\/index.php\/2022\/08\/26\/novena-a-santa-monica-9-9\/","url":"https:\/\/santamonica.archimadrid.es\/index.php\/2022\/08\/26\/novena-a-santa-monica-9-9\/","name":"NOVENA A SANTA M\u00d3NICA (9\/9) - Parroquia de Santa M\u00f3nica Agustinos Recoletos","isPartOf":{"@id":"https:\/\/santamonica.archimadrid.es\/#website"},"primaryImageOfPage":{"@id":"https:\/\/santamonica.archimadrid.es\/index.php\/2022\/08\/26\/novena-a-santa-monica-9-9\/#primaryimage"},"image":{"@id":"https:\/\/santamonica.archimadrid.es\/index.php\/2022\/08\/26\/novena-a-santa-monica-9-9\/#primaryimage"},"thumbnailUrl":"https:\/\/santamonica.archimadrid.es\/wp-content\/uploads\/2022\/08\/St.Augustine-and-St.Monica-stained-glass-300x285.jpeg","datePublished":"2022-08-26T00:12:27+00:00","dateModified":"2022-08-31T22:10:54+00:00","description":"Santa M\u00f3nica, madre de San Agust\u00edn. Novena. \u00c9xtasis de Ostia Tiberina. Modelo de oraci\u00f3n perseverante y confiada, sabidur\u00eda y fortaleza.","breadcrumb":{"@id":"https:\/\/santamonica.archimadrid.es\/index.php\/2022\/08\/26\/novena-a-santa-monica-9-9\/#breadcrumb"},"inLanguage":"es","potentialAction":[{"@type":"ReadAction","target":["https:\/\/santamonica.archimadrid.es\/index.php\/2022\/08\/26\/novena-a-santa-monica-9-9\/"]}]},{"@type":"ImageObject","inLanguage":"es","@id":"https:\/\/santamonica.archimadrid.es\/index.php\/2022\/08\/26\/novena-a-santa-monica-9-9\/#primaryimage","url":"https:\/\/santamonica.archimadrid.es\/wp-content\/uploads\/2022\/08\/St.Augustine-and-St.Monica-stained-glass.jpeg","contentUrl":"https:\/\/santamonica.archimadrid.es\/wp-content\/uploads\/2022\/08\/St.Augustine-and-St.Monica-stained-glass.jpeg","width":640,"height":608},{"@type":"BreadcrumbList","@id":"https:\/\/santamonica.archimadrid.es\/index.php\/2022\/08\/26\/novena-a-santa-monica-9-9\/#breadcrumb","itemListElement":[{"@type":"ListItem","position":1,"name":"Portada","item":"https:\/\/santamonica.archimadrid.es\/"},{"@type":"ListItem","position":2,"name":"NOVENA A SANTA M\u00d3NICA (9\/9)"}]},{"@type":"WebSite","@id":"https:\/\/santamonica.archimadrid.es\/#website","url":"https:\/\/santamonica.archimadrid.es\/","name":"Parroquia de Santa M\u00f3nica Agustinos Recoletos","description":"P\u00e1gina oficial de la Parroquia Santa M\u00f3nica. Actividades parroquiales, noticias de la parroquia y de la iglesia. Servicios Parroquiales. Sacramentos. Devoci\u00f3n a Santa M\u00f3nica, madre de San Agust\u00edn. Promoci\u00f3n Madres Cristianas Santa M\u00f3nica. Oraci\u00f3n por la fe de los hijos y de las familias Devoci\u00f3n a San Ezequiel Moreno. Oraci\u00f3n por los enfermos.","publisher":{"@id":"https:\/\/santamonica.archimadrid.es\/#organization"},"potentialAction":[{"@type":"SearchAction","target":{"@type":"EntryPoint","urlTemplate":"https:\/\/santamonica.archimadrid.es\/?s={search_term_string}"},"query-input":{"@type":"PropertyValueSpecification","valueRequired":true,"valueName":"search_term_string"}}],"inLanguage":"es"},{"@type":"Organization","@id":"https:\/\/santamonica.archimadrid.es\/#organization","name":"Parroquia de Santa M\u00f3nica Agustinos Recoletos","url":"https:\/\/santamonica.archimadrid.es\/","logo":{"@type":"ImageObject","inLanguage":"es","@id":"https:\/\/santamonica.archimadrid.es\/#\/schema\/logo\/image\/","url":"https:\/\/santamonica.archimadrid.es\/wp-content\/uploads\/2022\/09\/icono_parroquia_tamonica-1.jpg","contentUrl":"https:\/\/santamonica.archimadrid.es\/wp-content\/uploads\/2022\/09\/icono_parroquia_tamonica-1.jpg","width":1440,"height":1776,"caption":"Parroquia de Santa M\u00f3nica Agustinos Recoletos"},"image":{"@id":"https:\/\/santamonica.archimadrid.es\/#\/schema\/logo\/image\/"}},{"@type":"Person","@id":"https:\/\/santamonica.archimadrid.es\/#\/schema\/person\/4927175b4d58d4c40097a9455f609de3","name":"admin","image":{"@type":"ImageObject","inLanguage":"es","@id":"https:\/\/secure.gravatar.com\/avatar\/7898691b75ee12f4c1b3d2e97ebe759359e855b227fcc4e81d27339110715d2a?s=96&d=mm&r=g","url":"https:\/\/secure.gravatar.com\/avatar\/7898691b75ee12f4c1b3d2e97ebe759359e855b227fcc4e81d27339110715d2a?s=96&d=mm&r=g","contentUrl":"https:\/\/secure.gravatar.com\/avatar\/7898691b75ee12f4c1b3d2e97ebe759359e855b227fcc4e81d27339110715d2a?s=96&d=mm&r=g","caption":"admin"},"sameAs":["https:\/\/santamonica.archimadrid.es"],"url":"https:\/\/santamonica.archimadrid.es\/index.php\/author\/stamonica\/"}]}},"jetpack_featured_media_url":"","jetpack_sharing_enabled":true,"_links":{"self":[{"href":"https:\/\/santamonica.archimadrid.es\/index.php\/wp-json\/wp\/v2\/posts\/1120","targetHints":{"allow":["GET"]}}],"collection":[{"href":"https:\/\/santamonica.archimadrid.es\/index.php\/wp-json\/wp\/v2\/posts"}],"about":[{"href":"https:\/\/santamonica.archimadrid.es\/index.php\/wp-json\/wp\/v2\/types\/post"}],"author":[{"embeddable":true,"href":"https:\/\/santamonica.archimadrid.es\/index.php\/wp-json\/wp\/v2\/users\/1"}],"replies":[{"embeddable":true,"href":"https:\/\/santamonica.archimadrid.es\/index.php\/wp-json\/wp\/v2\/comments?post=1120"}],"version-history":[{"count":4,"href":"https:\/\/santamonica.archimadrid.es\/index.php\/wp-json\/wp\/v2\/posts\/1120\/revisions"}],"predecessor-version":[{"id":1182,"href":"https:\/\/santamonica.archimadrid.es\/index.php\/wp-json\/wp\/v2\/posts\/1120\/revisions\/1182"}],"wp:attachment":[{"href":"https:\/\/santamonica.archimadrid.es\/index.php\/wp-json\/wp\/v2\/media?parent=1120"}],"wp:term":[{"taxonomy":"category","embeddable":true,"href":"https:\/\/santamonica.archimadrid.es\/index.php\/wp-json\/wp\/v2\/categories?post=1120"},{"taxonomy":"post_tag","embeddable":true,"href":"https:\/\/santamonica.archimadrid.es\/index.php\/wp-json\/wp\/v2\/tags?post=1120"}],"curies":[{"name":"wp","href":"https:\/\/api.w.org\/{rel}","templated":true}]}}