{"id":1088,"date":"2022-08-20T22:10:09","date_gmt":"2022-08-20T22:10:09","guid":{"rendered":"https:\/\/santamonica.archimadrid.es\/?p=1088"},"modified":"2022-08-31T21:39:38","modified_gmt":"2022-08-31T21:39:38","slug":"novena-a-santa-monica-4-9","status":"publish","type":"post","link":"https:\/\/santamonica.archimadrid.es\/index.php\/2022\/08\/20\/novena-a-santa-monica-4-9\/","title":{"rendered":"NOVENA A SANTA MONICA (4\/9)"},"content":{"rendered":"<p><img loading=\"lazy\" decoding=\"async\" class=\"aligncenter wp-image-1165\" src=\"https:\/\/santamonica.archimadrid.es\/wp-content\/uploads\/2022\/08\/Saint-Monica-and-Augustine-Watercolor-258x300.jpg\" alt=\"\" width=\"400\" height=\"464\" srcset=\"https:\/\/santamonica.archimadrid.es\/wp-content\/uploads\/2022\/08\/Saint-Monica-and-Augustine-Watercolor-258x300.jpg 258w, https:\/\/santamonica.archimadrid.es\/wp-content\/uploads\/2022\/08\/Saint-Monica-and-Augustine-Watercolor.jpg 428w\" sizes=\"(max-width: 400px) 100vw, 400px\" \/><\/p>\n<p><strong>Modelo de esposa y madre cristiana<\/strong><\/p>\n<p><em>Con textos b\u00edblicos para la misa<\/em><\/p>\n<p>&nbsp;<\/p>\n<p><em><strong>NOTA: Con esta novena nos unimos a todas las mujeres que desean sinceramente ser fieles a su vocaci\u00f3n de esposas y de madres cristianas. Asumimos sus alegr\u00edas y sus penas y les animamos a seguir los ejemplos de Santa M\u00f3nica.<\/strong><\/em><\/p>\n<p><em><strong>Que sus l\u00e1grimas y oraciones, unidas a su intercesi\u00f3n en el Cielo, hagan retornar a todos los esposos e hijos extraviados, como sucedi\u00f3 con Patricio y Agust\u00edn.<\/strong><\/em><\/p>\n<p><em><strong>No lo olvidemos: Dios es capaz de hacer milagros, sobre todo milagros de conversi\u00f3n. Pues \u00bfacaso Dios se complace en la muerte del pecador? Por tanto, perseveremos en la oraci\u00f3n y veremos las obras de Dios. Am\u00e9n<\/strong><\/em><\/p>\n<p>&nbsp;<\/p>\n<p><strong>Rito de entrada<\/strong><\/p>\n<p>V. Dios m\u00edo, ven en mi auxilio.<br \/>\nR. Se\u00f1or, date prisa en socorrerme.<br \/>\nGloria al Padre\u2026<\/p>\n<p><strong>1. Oraci\u00f3n preparatoria<\/strong><\/p>\n<p>Padre y Se\u00f1or nuestro, misericordia de cuantos en ti esperan, t\u00fa concediste a tu sierva santa M\u00f3nica el don inapreciable de saber reconciliar las almas entre s\u00ed y contigo; danos a nosotros el ser mensajeros de uni\u00f3n y de paz en nuestros ambientes, sobre todo en el hogar, y el poder llevar a ti los corazones de nuestros hermanos con el ejemplo de nuestra vida.<\/p>\n<p>T\u00fa que hiciste a M\u00f3nica modelo y ejemplo de esposas, de madres y de viudas, concede por su intercesi\u00f3n la paz y mutuo amor a los casados; el celo y la solicitud en la educaci\u00f3n de los hijos, a las madres; obediencia y docilidad, a los hijos; la santidad de vida, a las viudas; y a todos, el fiel seguimiento de Cristo, nuestro \u00fanico y verdadero maestro. Te lo pedimos por el mismo Jesucristo Nuestro Se\u00f1or. Am\u00e9n.<\/p>\n<p><strong>2. Textos b\u00edblicos y agustinianos para el cuarto d\u00eda<\/strong><\/p>\n<p><strong>AMOR Y SOLICITUD DE SANTA MONICA POR SU HIJO AGUST\u00cdN<\/strong><\/p>\n<p><strong><em>1.- Textos b\u00edblicos para la misa<\/em><\/strong><\/p>\n<p>\u2022 2 Macabeos, 7, 20-29. Sostiene y anima a los hijos en la hora del martirio.<br \/>\n\u2022 Salmo 57, 2-3; 139, 7-8.13-14. M. Ag. p\u00e1g. 128.<br \/>\n\u2022 Lucas, 15, 11-32. Cuando todav\u00eda estaba lejos, su padre lo vio y se conmovi\u00f3; y echando a correr\u2026<\/p>\n<p><em><strong>2.- Textos agustinianos<\/strong><\/em><\/p>\n<p>\u201cSi las almas de los difuntos se interesaran de los asuntos de este mundo y nos hablaran cuando los vemos en sue\u00f1os, mi santa madre, por no hablar de otros, no me abandonar\u00eda una sola noche, ella que me sigui\u00f3 por tierra y por mar para vivir siempre conmigo\u201d\u00a0<em>(San Agust\u00edn, Del cuidado de los difuntos, 16).<\/em><\/p>\n<p>\u201cSiendo ni\u00f1o, hab\u00eda o\u00eddo hablar de la vida eterna que nos est\u00e1 prometida mediante la humildad del Se\u00f1or Dios nuestro, que descendi\u00f3 hasta nuestra soberbia. Me se\u00f1alaron con la se\u00f1al de la cruz y sabore\u00e9 la sal bendita apenas sal\u00ed del seno de mi madre, que tuvo una gran esperanza en ti.<\/p>\n<p>De modo que en aquella \u00e9poca yo era ya creyente, lo era mi madre y lo eran todos los de la casa, menos mi padre. \u00c9ste no neutraliz\u00f3 en mi coraz\u00f3n los fueros del amor maternal hasta el punto de que yo dejase de creer en Cristo, fe que mi padre no ten\u00eda a\u00fan.<\/p>\n<p>Ella era quien hac\u00eda las diligencias para que t\u00fa, Dios m\u00edo, fueras mi padre e hicieras sus veces. Y en este punto contribu\u00edas a que ella fuera superior a su marido a cuyo servicio estaba aun siendo mejor que \u00e9l. Tambi\u00e9n en esto te serv\u00eda a ti, que eres quien ha estipulado esta condici\u00f3n de sometimiento\u201d\u00a0<em>(Confesiones 1, 11).<\/em><\/p>\n<p>\u201cPero t\u00fa, Se\u00f1or, ya hab\u00edas inaugurado tu templo, y perfilado el esbozo de tu morada en el pecho de mi madre. Mi padre era catec\u00fameno desde hac\u00eda poco. Mi madre, por su parte, se estremeci\u00f3 de temor y de piadosa aprensi\u00f3n. Aunque yo no estaba bautizado a\u00fan, temi\u00f3 que me internara por sendas tortuosas, camino ordinario de los que te vuelven la espalda y no te dan la cara.<\/p>\n<p>\u00a1Ay de m\u00ed! \u00bfY tengo el atrevimiento de decir que t\u00fa guardabas silencio, Dios m\u00edo, cuando era yo el que me iba alejando m\u00e1s y m\u00e1s de ti? \u00bfEs cierto que te hac\u00edas el callado conmigo? \u00bfY de qui\u00e9n sino de ti eran aquellas palabras que me ven\u00edan por conducto de mi madre, tu sierva fiel, y que t\u00fa cantaste a mis o\u00eddos?<\/p>\n<p>Cierto que ninguna de ellas cal\u00f3 hondo en mi coraz\u00f3n como para ponerlas en pr\u00e1ctica.<br \/>\nElla anhelaba, y recuerdo que as\u00ed me lo recalc\u00f3 con gran inter\u00e9s, que evitara la fornicaci\u00f3n, haciendo especial hincapi\u00e9 en la huida del adulterio con mujeres casadas\u201d\u00a0<em>(Confesiones 2, 3).<\/em><\/p>\n<p><strong>3. Oraci\u00f3n de los fieles<\/strong><\/p>\n<p>Dios, Nuestro Se\u00f1or, concedi\u00f3 a santa M\u00f3nica la conversi\u00f3n de su esposo Patricio y de su hijo Agust\u00edn. Pidamos por intercesi\u00f3n de ella un esp\u00edritu de verdadera conversi\u00f3n y una verdadera comprensi\u00f3n y amor a los dem\u00e1s.<\/p>\n<p>Despu\u00e9s de cada invocaci\u00f3n:\u00a0<em>Se\u00f1or, que tu gracia nos santifique.<\/em><\/p>\n<p>\u2013 Por todos los c\u00f3nyuges cristianos que tienen dificultades en su vida familiar, para que sepan ofrecerse mutuamente consuelo y ayuda. Oremos.<br \/>\nR.\u00a0<em>Se\u00f1or, que tu gracia nos santifique.<\/em><\/p>\n<p>\u2013 Por todas las madres cristianas del mundo, para que sepan conducir a sus hijos hacia ti. Oremos.<br \/>\nR.\u00a0<em>Se\u00f1or, que tu gracia nos santifique.<\/em><\/p>\n<p>\u2013 Por cuantos sufren soledad y abandono en la sociedad o sufren por las debilidades morales de sus seres queridos. Oremos.<br \/>\nR.\u00a0<em>Se\u00f1or, que tu gracia nos santifique.<\/em><\/p>\n<p>\u2013 Por todos los que buscan la verdad y trabajan por ser fieles a tus preceptos y ense\u00f1anzas. Oremos.<br \/>\nR.\u00a0<em>Se\u00f1or, que tu gracia nos santifique.<\/em><\/p>\n<p>\u2013 Por el florecimiento de vocaciones a la vida agustino-recoleta seglar y religiosa, y por la perseverancia y fidelidad de cuantos se han comprometido a seguir a Cristo imitando a san Agust\u00edn. Oremos.<br \/>\nR.\u00a0<em>Se\u00f1or, que tu gracia nos santifique.<\/em><\/p>\n<p>\u2013 Por todos los j\u00f3venes, para que huyan de los peligros del mundo, sepan aprovechar los primeros impulsos de la gracia y \u00e9sta germine y fructifique en sus corazones. Oremos.<br \/>\nR.\u00a0<em>Se\u00f1or, que tu gracia nos santifique.<\/em><\/p>\n<p><em>Se pide la gracia que se desea alcanzar (pausa).<\/em><\/p>\n<p>4.\u00a0<strong>Oraci\u00f3n final<\/strong><\/p>\n<p>Escucha, Padre de bondad, nuestras oraciones, y t\u00fa que concediste a santa M\u00f3nica que con su vida, sus oraciones y sus l\u00e1grimas ganara para ti a su marido Patricio y a su hijo Agust\u00edn, conc\u00e9denos, por su intercesi\u00f3n, que hagamos de nuestras vidas una ofrenda perenne en tu honor y al servicio de los hermanos.<br \/>\nPor nuestro Se\u00f1or Jesucristo, tu Hijo, que vive y reina contigo en la unidad del Esp\u00edritu Santo y es Dios por los siglos de los siglos. Am\u00e9n.<\/p>\n<p><strong>Rito de despedida<\/strong><\/p>\n<p>El Se\u00f1or nos bendiga, nos guarde de todo mal y nos lleve a la vida eterna.<br \/>\nAm\u00e9n.<\/p>\n<p>V. Bienaventurada santa M\u00f3nica<br \/>\nR. Ruega por nosotros.<br \/>\nV. Glorioso padre san Agust\u00edn<br \/>\nR. Ruega por nosotros.<\/p>\n","protected":false},"excerpt":{"rendered":"<p>Modelo de esposa y madre cristiana Con textos b\u00edblicos para la misa &nbsp; NOTA: Con esta novena nos unimos a todas las mujeres que desean sinceramente ser fieles a su vocaci\u00f3n de esposas y de madres cristianas. Asumimos sus alegr\u00edas y sus penas y les animamos a seguir los ejemplos de Santa M\u00f3nica. Que sus [&hellip;]<\/p>\n","protected":false},"author":1,"featured_media":0,"comment_status":"open","ping_status":"closed","sticky":false,"template":"","format":"standard","meta":{"_et_pb_use_builder":"","_et_pb_old_content":"","_et_gb_content_width":"","cybocfi_hide_featured_image":"","_jetpack_memberships_contains_paid_content":false,"footnotes":""},"categories":[11,25,14,22],"tags":[],"class_list":["post-1088","post","type-post","status-publish","format-standard","hentry","category-madres-monicas","category-novenas","category-santa-monica","category-santos-agustinos"],"yoast_head":"<!-- This site is optimized with the Yoast SEO plugin v27.5 - https:\/\/yoast.com\/product\/yoast-seo-wordpress\/ -->\n<title>NOVENA A SANTA MONICA (4\/9) - Parroquia de Santa M\u00f3nica Agustinos Recoletos<\/title>\n<meta name=\"description\" content=\"Novena a Santa M\u00f3nica. Madre de San Agust\u00edn. Oraci\u00f3n perseverante Fiesta de Santa M\u00f3nica 27 de agosto. Modelo de madre y esposa cristiana.\" \/>\n<meta name=\"robots\" content=\"index, follow, max-snippet:-1, max-image-preview:large, max-video-preview:-1\" \/>\n<link rel=\"canonical\" href=\"https:\/\/santamonica.archimadrid.es\/index.php\/2022\/08\/20\/novena-a-santa-monica-4-9\/\" \/>\n<meta property=\"og:locale\" content=\"es_ES\" \/>\n<meta property=\"og:type\" content=\"article\" \/>\n<meta property=\"og:title\" content=\"NOVENA A SANTA MONICA (4\/9) - Parroquia de Santa M\u00f3nica Agustinos Recoletos\" \/>\n<meta property=\"og:description\" content=\"Novena a Santa M\u00f3nica. Madre de San Agust\u00edn. Oraci\u00f3n perseverante Fiesta de Santa M\u00f3nica 27 de agosto. Modelo de madre y esposa cristiana.\" \/>\n<meta property=\"og:url\" content=\"https:\/\/santamonica.archimadrid.es\/index.php\/2022\/08\/20\/novena-a-santa-monica-4-9\/\" \/>\n<meta property=\"og:site_name\" content=\"Parroquia de Santa M\u00f3nica Agustinos Recoletos\" \/>\n<meta property=\"article:published_time\" content=\"2022-08-20T22:10:09+00:00\" \/>\n<meta property=\"article:modified_time\" content=\"2022-08-31T21:39:38+00:00\" \/>\n<meta property=\"og:image\" content=\"https:\/\/santamonica.archimadrid.es\/wp-content\/uploads\/2022\/08\/Saint-Monica-and-Augustine-Watercolor-258x300.jpg\" \/>\n<meta name=\"author\" content=\"admin\" \/>\n<meta name=\"twitter:card\" content=\"summary_large_image\" \/>\n<meta name=\"twitter:label1\" content=\"Escrito por\" \/>\n\t<meta name=\"twitter:data1\" content=\"admin\" \/>\n\t<meta name=\"twitter:label2\" content=\"Tiempo de lectura\" \/>\n\t<meta name=\"twitter:data2\" content=\"6 minutos\" \/>\n<script type=\"application\/ld+json\" class=\"yoast-schema-graph\">{\"@context\":\"https:\\\/\\\/schema.org\",\"@graph\":[{\"@type\":\"Article\",\"@id\":\"https:\\\/\\\/santamonica.archimadrid.es\\\/index.php\\\/2022\\\/08\\\/20\\\/novena-a-santa-monica-4-9\\\/#article\",\"isPartOf\":{\"@id\":\"https:\\\/\\\/santamonica.archimadrid.es\\\/index.php\\\/2022\\\/08\\\/20\\\/novena-a-santa-monica-4-9\\\/\"},\"author\":{\"name\":\"admin\",\"@id\":\"https:\\\/\\\/santamonica.archimadrid.es\\\/#\\\/schema\\\/person\\\/4927175b4d58d4c40097a9455f609de3\"},\"headline\":\"NOVENA A SANTA MONICA (4\\\/9)\",\"datePublished\":\"2022-08-20T22:10:09+00:00\",\"dateModified\":\"2022-08-31T21:39:38+00:00\",\"mainEntityOfPage\":{\"@id\":\"https:\\\/\\\/santamonica.archimadrid.es\\\/index.php\\\/2022\\\/08\\\/20\\\/novena-a-santa-monica-4-9\\\/\"},\"wordCount\":1201,\"commentCount\":0,\"publisher\":{\"@id\":\"https:\\\/\\\/santamonica.archimadrid.es\\\/#organization\"},\"image\":{\"@id\":\"https:\\\/\\\/santamonica.archimadrid.es\\\/index.php\\\/2022\\\/08\\\/20\\\/novena-a-santa-monica-4-9\\\/#primaryimage\"},\"thumbnailUrl\":\"https:\\\/\\\/santamonica.archimadrid.es\\\/wp-content\\\/uploads\\\/2022\\\/08\\\/Saint-Monica-and-Augustine-Watercolor-258x300.jpg\",\"articleSection\":[\"Madres M\u00f3nicas\",\"Novenas\",\"Santa M\u00f3nica\",\"Santos Agustinos\"],\"inLanguage\":\"es\",\"potentialAction\":[{\"@type\":\"CommentAction\",\"name\":\"Comment\",\"target\":[\"https:\\\/\\\/santamonica.archimadrid.es\\\/index.php\\\/2022\\\/08\\\/20\\\/novena-a-santa-monica-4-9\\\/#respond\"]}]},{\"@type\":\"WebPage\",\"@id\":\"https:\\\/\\\/santamonica.archimadrid.es\\\/index.php\\\/2022\\\/08\\\/20\\\/novena-a-santa-monica-4-9\\\/\",\"url\":\"https:\\\/\\\/santamonica.archimadrid.es\\\/index.php\\\/2022\\\/08\\\/20\\\/novena-a-santa-monica-4-9\\\/\",\"name\":\"NOVENA A SANTA MONICA (4\\\/9) - Parroquia de Santa M\u00f3nica Agustinos Recoletos\",\"isPartOf\":{\"@id\":\"https:\\\/\\\/santamonica.archimadrid.es\\\/#website\"},\"primaryImageOfPage\":{\"@id\":\"https:\\\/\\\/santamonica.archimadrid.es\\\/index.php\\\/2022\\\/08\\\/20\\\/novena-a-santa-monica-4-9\\\/#primaryimage\"},\"image\":{\"@id\":\"https:\\\/\\\/santamonica.archimadrid.es\\\/index.php\\\/2022\\\/08\\\/20\\\/novena-a-santa-monica-4-9\\\/#primaryimage\"},\"thumbnailUrl\":\"https:\\\/\\\/santamonica.archimadrid.es\\\/wp-content\\\/uploads\\\/2022\\\/08\\\/Saint-Monica-and-Augustine-Watercolor-258x300.jpg\",\"datePublished\":\"2022-08-20T22:10:09+00:00\",\"dateModified\":\"2022-08-31T21:39:38+00:00\",\"description\":\"Novena a Santa M\u00f3nica. Madre de San Agust\u00edn. Oraci\u00f3n perseverante Fiesta de Santa M\u00f3nica 27 de agosto. Modelo de madre y esposa cristiana.\",\"breadcrumb\":{\"@id\":\"https:\\\/\\\/santamonica.archimadrid.es\\\/index.php\\\/2022\\\/08\\\/20\\\/novena-a-santa-monica-4-9\\\/#breadcrumb\"},\"inLanguage\":\"es\",\"potentialAction\":[{\"@type\":\"ReadAction\",\"target\":[\"https:\\\/\\\/santamonica.archimadrid.es\\\/index.php\\\/2022\\\/08\\\/20\\\/novena-a-santa-monica-4-9\\\/\"]}]},{\"@type\":\"ImageObject\",\"inLanguage\":\"es\",\"@id\":\"https:\\\/\\\/santamonica.archimadrid.es\\\/index.php\\\/2022\\\/08\\\/20\\\/novena-a-santa-monica-4-9\\\/#primaryimage\",\"url\":\"https:\\\/\\\/santamonica.archimadrid.es\\\/wp-content\\\/uploads\\\/2022\\\/08\\\/Saint-Monica-and-Augustine-Watercolor.jpg\",\"contentUrl\":\"https:\\\/\\\/santamonica.archimadrid.es\\\/wp-content\\\/uploads\\\/2022\\\/08\\\/Saint-Monica-and-Augustine-Watercolor.jpg\",\"width\":428,\"height\":497},{\"@type\":\"BreadcrumbList\",\"@id\":\"https:\\\/\\\/santamonica.archimadrid.es\\\/index.php\\\/2022\\\/08\\\/20\\\/novena-a-santa-monica-4-9\\\/#breadcrumb\",\"itemListElement\":[{\"@type\":\"ListItem\",\"position\":1,\"name\":\"Portada\",\"item\":\"https:\\\/\\\/santamonica.archimadrid.es\\\/\"},{\"@type\":\"ListItem\",\"position\":2,\"name\":\"NOVENA A SANTA MONICA (4\\\/9)\"}]},{\"@type\":\"WebSite\",\"@id\":\"https:\\\/\\\/santamonica.archimadrid.es\\\/#website\",\"url\":\"https:\\\/\\\/santamonica.archimadrid.es\\\/\",\"name\":\"Parroquia de Santa M\u00f3nica Agustinos Recoletos\",\"description\":\"P\u00e1gina oficial de la Parroquia Santa M\u00f3nica. Actividades parroquiales, noticias de la parroquia y de la iglesia. Servicios Parroquiales. Sacramentos. Devoci\u00f3n a Santa M\u00f3nica, madre de San Agust\u00edn. Promoci\u00f3n Madres Cristianas Santa M\u00f3nica. Oraci\u00f3n por la fe de los hijos y de las familias Devoci\u00f3n a San Ezequiel Moreno. Oraci\u00f3n por los enfermos.\",\"publisher\":{\"@id\":\"https:\\\/\\\/santamonica.archimadrid.es\\\/#organization\"},\"potentialAction\":[{\"@type\":\"SearchAction\",\"target\":{\"@type\":\"EntryPoint\",\"urlTemplate\":\"https:\\\/\\\/santamonica.archimadrid.es\\\/?s={search_term_string}\"},\"query-input\":{\"@type\":\"PropertyValueSpecification\",\"valueRequired\":true,\"valueName\":\"search_term_string\"}}],\"inLanguage\":\"es\"},{\"@type\":\"Organization\",\"@id\":\"https:\\\/\\\/santamonica.archimadrid.es\\\/#organization\",\"name\":\"Parroquia de Santa M\u00f3nica Agustinos Recoletos\",\"url\":\"https:\\\/\\\/santamonica.archimadrid.es\\\/\",\"logo\":{\"@type\":\"ImageObject\",\"inLanguage\":\"es\",\"@id\":\"https:\\\/\\\/santamonica.archimadrid.es\\\/#\\\/schema\\\/logo\\\/image\\\/\",\"url\":\"https:\\\/\\\/santamonica.archimadrid.es\\\/wp-content\\\/uploads\\\/2022\\\/09\\\/icono_parroquia_tamonica-1.jpg\",\"contentUrl\":\"https:\\\/\\\/santamonica.archimadrid.es\\\/wp-content\\\/uploads\\\/2022\\\/09\\\/icono_parroquia_tamonica-1.jpg\",\"width\":1440,\"height\":1776,\"caption\":\"Parroquia de Santa M\u00f3nica Agustinos Recoletos\"},\"image\":{\"@id\":\"https:\\\/\\\/santamonica.archimadrid.es\\\/#\\\/schema\\\/logo\\\/image\\\/\"}},{\"@type\":\"Person\",\"@id\":\"https:\\\/\\\/santamonica.archimadrid.es\\\/#\\\/schema\\\/person\\\/4927175b4d58d4c40097a9455f609de3\",\"name\":\"admin\",\"image\":{\"@type\":\"ImageObject\",\"inLanguage\":\"es\",\"@id\":\"https:\\\/\\\/secure.gravatar.com\\\/avatar\\\/7898691b75ee12f4c1b3d2e97ebe759359e855b227fcc4e81d27339110715d2a?s=96&d=mm&r=g\",\"url\":\"https:\\\/\\\/secure.gravatar.com\\\/avatar\\\/7898691b75ee12f4c1b3d2e97ebe759359e855b227fcc4e81d27339110715d2a?s=96&d=mm&r=g\",\"contentUrl\":\"https:\\\/\\\/secure.gravatar.com\\\/avatar\\\/7898691b75ee12f4c1b3d2e97ebe759359e855b227fcc4e81d27339110715d2a?s=96&d=mm&r=g\",\"caption\":\"admin\"},\"sameAs\":[\"https:\\\/\\\/santamonica.archimadrid.es\"],\"url\":\"https:\\\/\\\/santamonica.archimadrid.es\\\/index.php\\\/author\\\/stamonica\\\/\"}]}<\/script>\n<!-- \/ Yoast SEO plugin. -->","yoast_head_json":{"title":"NOVENA A SANTA MONICA (4\/9) - Parroquia de Santa M\u00f3nica Agustinos Recoletos","description":"Novena a Santa M\u00f3nica. Madre de San Agust\u00edn. Oraci\u00f3n perseverante Fiesta de Santa M\u00f3nica 27 de agosto. Modelo de madre y esposa cristiana.","robots":{"index":"index","follow":"follow","max-snippet":"max-snippet:-1","max-image-preview":"max-image-preview:large","max-video-preview":"max-video-preview:-1"},"canonical":"https:\/\/santamonica.archimadrid.es\/index.php\/2022\/08\/20\/novena-a-santa-monica-4-9\/","og_locale":"es_ES","og_type":"article","og_title":"NOVENA A SANTA MONICA (4\/9) - Parroquia de Santa M\u00f3nica Agustinos Recoletos","og_description":"Novena a Santa M\u00f3nica. Madre de San Agust\u00edn. Oraci\u00f3n perseverante Fiesta de Santa M\u00f3nica 27 de agosto. Modelo de madre y esposa cristiana.","og_url":"https:\/\/santamonica.archimadrid.es\/index.php\/2022\/08\/20\/novena-a-santa-monica-4-9\/","og_site_name":"Parroquia de Santa M\u00f3nica Agustinos Recoletos","article_published_time":"2022-08-20T22:10:09+00:00","article_modified_time":"2022-08-31T21:39:38+00:00","og_image":[{"url":"https:\/\/santamonica.archimadrid.es\/wp-content\/uploads\/2022\/08\/Saint-Monica-and-Augustine-Watercolor-258x300.jpg","type":"","width":"","height":""}],"author":"admin","twitter_card":"summary_large_image","twitter_misc":{"Escrito por":"admin","Tiempo de lectura":"6 minutos"},"schema":{"@context":"https:\/\/schema.org","@graph":[{"@type":"Article","@id":"https:\/\/santamonica.archimadrid.es\/index.php\/2022\/08\/20\/novena-a-santa-monica-4-9\/#article","isPartOf":{"@id":"https:\/\/santamonica.archimadrid.es\/index.php\/2022\/08\/20\/novena-a-santa-monica-4-9\/"},"author":{"name":"admin","@id":"https:\/\/santamonica.archimadrid.es\/#\/schema\/person\/4927175b4d58d4c40097a9455f609de3"},"headline":"NOVENA A SANTA MONICA (4\/9)","datePublished":"2022-08-20T22:10:09+00:00","dateModified":"2022-08-31T21:39:38+00:00","mainEntityOfPage":{"@id":"https:\/\/santamonica.archimadrid.es\/index.php\/2022\/08\/20\/novena-a-santa-monica-4-9\/"},"wordCount":1201,"commentCount":0,"publisher":{"@id":"https:\/\/santamonica.archimadrid.es\/#organization"},"image":{"@id":"https:\/\/santamonica.archimadrid.es\/index.php\/2022\/08\/20\/novena-a-santa-monica-4-9\/#primaryimage"},"thumbnailUrl":"https:\/\/santamonica.archimadrid.es\/wp-content\/uploads\/2022\/08\/Saint-Monica-and-Augustine-Watercolor-258x300.jpg","articleSection":["Madres M\u00f3nicas","Novenas","Santa M\u00f3nica","Santos Agustinos"],"inLanguage":"es","potentialAction":[{"@type":"CommentAction","name":"Comment","target":["https:\/\/santamonica.archimadrid.es\/index.php\/2022\/08\/20\/novena-a-santa-monica-4-9\/#respond"]}]},{"@type":"WebPage","@id":"https:\/\/santamonica.archimadrid.es\/index.php\/2022\/08\/20\/novena-a-santa-monica-4-9\/","url":"https:\/\/santamonica.archimadrid.es\/index.php\/2022\/08\/20\/novena-a-santa-monica-4-9\/","name":"NOVENA A SANTA MONICA (4\/9) - Parroquia de Santa M\u00f3nica Agustinos Recoletos","isPartOf":{"@id":"https:\/\/santamonica.archimadrid.es\/#website"},"primaryImageOfPage":{"@id":"https:\/\/santamonica.archimadrid.es\/index.php\/2022\/08\/20\/novena-a-santa-monica-4-9\/#primaryimage"},"image":{"@id":"https:\/\/santamonica.archimadrid.es\/index.php\/2022\/08\/20\/novena-a-santa-monica-4-9\/#primaryimage"},"thumbnailUrl":"https:\/\/santamonica.archimadrid.es\/wp-content\/uploads\/2022\/08\/Saint-Monica-and-Augustine-Watercolor-258x300.jpg","datePublished":"2022-08-20T22:10:09+00:00","dateModified":"2022-08-31T21:39:38+00:00","description":"Novena a Santa M\u00f3nica. Madre de San Agust\u00edn. Oraci\u00f3n perseverante Fiesta de Santa M\u00f3nica 27 de agosto. Modelo de madre y esposa cristiana.","breadcrumb":{"@id":"https:\/\/santamonica.archimadrid.es\/index.php\/2022\/08\/20\/novena-a-santa-monica-4-9\/#breadcrumb"},"inLanguage":"es","potentialAction":[{"@type":"ReadAction","target":["https:\/\/santamonica.archimadrid.es\/index.php\/2022\/08\/20\/novena-a-santa-monica-4-9\/"]}]},{"@type":"ImageObject","inLanguage":"es","@id":"https:\/\/santamonica.archimadrid.es\/index.php\/2022\/08\/20\/novena-a-santa-monica-4-9\/#primaryimage","url":"https:\/\/santamonica.archimadrid.es\/wp-content\/uploads\/2022\/08\/Saint-Monica-and-Augustine-Watercolor.jpg","contentUrl":"https:\/\/santamonica.archimadrid.es\/wp-content\/uploads\/2022\/08\/Saint-Monica-and-Augustine-Watercolor.jpg","width":428,"height":497},{"@type":"BreadcrumbList","@id":"https:\/\/santamonica.archimadrid.es\/index.php\/2022\/08\/20\/novena-a-santa-monica-4-9\/#breadcrumb","itemListElement":[{"@type":"ListItem","position":1,"name":"Portada","item":"https:\/\/santamonica.archimadrid.es\/"},{"@type":"ListItem","position":2,"name":"NOVENA A SANTA MONICA (4\/9)"}]},{"@type":"WebSite","@id":"https:\/\/santamonica.archimadrid.es\/#website","url":"https:\/\/santamonica.archimadrid.es\/","name":"Parroquia de Santa M\u00f3nica Agustinos Recoletos","description":"P\u00e1gina oficial de la Parroquia Santa M\u00f3nica. Actividades parroquiales, noticias de la parroquia y de la iglesia. Servicios Parroquiales. Sacramentos. Devoci\u00f3n a Santa M\u00f3nica, madre de San Agust\u00edn. Promoci\u00f3n Madres Cristianas Santa M\u00f3nica. Oraci\u00f3n por la fe de los hijos y de las familias Devoci\u00f3n a San Ezequiel Moreno. Oraci\u00f3n por los enfermos.","publisher":{"@id":"https:\/\/santamonica.archimadrid.es\/#organization"},"potentialAction":[{"@type":"SearchAction","target":{"@type":"EntryPoint","urlTemplate":"https:\/\/santamonica.archimadrid.es\/?s={search_term_string}"},"query-input":{"@type":"PropertyValueSpecification","valueRequired":true,"valueName":"search_term_string"}}],"inLanguage":"es"},{"@type":"Organization","@id":"https:\/\/santamonica.archimadrid.es\/#organization","name":"Parroquia de Santa M\u00f3nica Agustinos Recoletos","url":"https:\/\/santamonica.archimadrid.es\/","logo":{"@type":"ImageObject","inLanguage":"es","@id":"https:\/\/santamonica.archimadrid.es\/#\/schema\/logo\/image\/","url":"https:\/\/santamonica.archimadrid.es\/wp-content\/uploads\/2022\/09\/icono_parroquia_tamonica-1.jpg","contentUrl":"https:\/\/santamonica.archimadrid.es\/wp-content\/uploads\/2022\/09\/icono_parroquia_tamonica-1.jpg","width":1440,"height":1776,"caption":"Parroquia de Santa M\u00f3nica Agustinos Recoletos"},"image":{"@id":"https:\/\/santamonica.archimadrid.es\/#\/schema\/logo\/image\/"}},{"@type":"Person","@id":"https:\/\/santamonica.archimadrid.es\/#\/schema\/person\/4927175b4d58d4c40097a9455f609de3","name":"admin","image":{"@type":"ImageObject","inLanguage":"es","@id":"https:\/\/secure.gravatar.com\/avatar\/7898691b75ee12f4c1b3d2e97ebe759359e855b227fcc4e81d27339110715d2a?s=96&d=mm&r=g","url":"https:\/\/secure.gravatar.com\/avatar\/7898691b75ee12f4c1b3d2e97ebe759359e855b227fcc4e81d27339110715d2a?s=96&d=mm&r=g","contentUrl":"https:\/\/secure.gravatar.com\/avatar\/7898691b75ee12f4c1b3d2e97ebe759359e855b227fcc4e81d27339110715d2a?s=96&d=mm&r=g","caption":"admin"},"sameAs":["https:\/\/santamonica.archimadrid.es"],"url":"https:\/\/santamonica.archimadrid.es\/index.php\/author\/stamonica\/"}]}},"jetpack_featured_media_url":"","jetpack_sharing_enabled":true,"_links":{"self":[{"href":"https:\/\/santamonica.archimadrid.es\/index.php\/wp-json\/wp\/v2\/posts\/1088","targetHints":{"allow":["GET"]}}],"collection":[{"href":"https:\/\/santamonica.archimadrid.es\/index.php\/wp-json\/wp\/v2\/posts"}],"about":[{"href":"https:\/\/santamonica.archimadrid.es\/index.php\/wp-json\/wp\/v2\/types\/post"}],"author":[{"embeddable":true,"href":"https:\/\/santamonica.archimadrid.es\/index.php\/wp-json\/wp\/v2\/users\/1"}],"replies":[{"embeddable":true,"href":"https:\/\/santamonica.archimadrid.es\/index.php\/wp-json\/wp\/v2\/comments?post=1088"}],"version-history":[{"count":3,"href":"https:\/\/santamonica.archimadrid.es\/index.php\/wp-json\/wp\/v2\/posts\/1088\/revisions"}],"predecessor-version":[{"id":1172,"href":"https:\/\/santamonica.archimadrid.es\/index.php\/wp-json\/wp\/v2\/posts\/1088\/revisions\/1172"}],"wp:attachment":[{"href":"https:\/\/santamonica.archimadrid.es\/index.php\/wp-json\/wp\/v2\/media?parent=1088"}],"wp:term":[{"taxonomy":"category","embeddable":true,"href":"https:\/\/santamonica.archimadrid.es\/index.php\/wp-json\/wp\/v2\/categories?post=1088"},{"taxonomy":"post_tag","embeddable":true,"href":"https:\/\/santamonica.archimadrid.es\/index.php\/wp-json\/wp\/v2\/tags?post=1088"}],"curies":[{"name":"wp","href":"https:\/\/api.w.org\/{rel}","templated":true}]}}