{"id":1064,"date":"2022-08-20T07:11:26","date_gmt":"2022-08-20T07:11:26","guid":{"rendered":"https:\/\/santamonica.archimadrid.es\/?p=1064"},"modified":"2022-08-31T21:36:44","modified_gmt":"2022-08-31T21:36:44","slug":"novena-a-santa-monica-3","status":"publish","type":"post","link":"https:\/\/santamonica.archimadrid.es\/index.php\/2022\/08\/20\/novena-a-santa-monica-3\/","title":{"rendered":"NOVENA A SANTA MONICA (3\/9)"},"content":{"rendered":"<p><img loading=\"lazy\" decoding=\"async\" class=\"aligncenter wp-image-1168\" src=\"https:\/\/santamonica.archimadrid.es\/wp-content\/uploads\/2022\/08\/santa.monica.3-199x300.jpg\" alt=\"\" width=\"350\" height=\"527\" srcset=\"https:\/\/santamonica.archimadrid.es\/wp-content\/uploads\/2022\/08\/santa.monica.3-199x300.jpg 199w, https:\/\/santamonica.archimadrid.es\/wp-content\/uploads\/2022\/08\/santa.monica.3.jpg 227w\" sizes=\"(max-width: 350px) 100vw, 350px\" \/><\/p>\n<p>&nbsp;<\/p>\n<p><strong>Modelo de esposa y madre cristiana<\/strong><\/p>\n<p><em>Con textos b\u00edblicos para la misa<\/em><\/p>\n<p><em><strong>NOTA: Con esta novena nos unimos a todas las mujeres que desean sinceramente ser fieles a su vocaci\u00f3n de esposas y de madres cristianas. Asumimos sus alegr\u00edas y sus penas y les animamos a seguir los ejemplos de Santa M\u00f3nica.<\/strong><\/em><\/p>\n<p><em><strong>Que sus l\u00e1grimas y oraciones, unidas a su intercesi\u00f3n en el Cielo, hagan retornar a todos los esposos e hijos extraviados, como sucedi\u00f3 con Patricio y Agust\u00edn.<\/strong><\/em><\/p>\n<p><em><strong>No lo olvidemos: Dios es capaz de hacer milagros, sobre todo milagros de conversi\u00f3n. Pues \u00bfacaso Dios se complace en la muerte del pecador? Por tanto, perseveremos en la oraci\u00f3n y veremos las obras de Dios. Am\u00e9n<\/strong><\/em><\/p>\n<p><strong>Rito de entrada<\/strong><\/p>\n<p>V. Dios m\u00edo, ven en mi auxilio.<br \/>\nR. Se\u00f1or, date prisa en socorrerme.<br \/>\nGloria al Padre\u2026<\/p>\n<p><strong>1. Oraci\u00f3n preparatoria<\/strong><\/p>\n<p>Padre y Se\u00f1or nuestro, misericordia de cuantos en ti esperan, t\u00fa concediste a tu sierva santa M\u00f3nica el don inapreciable de saber reconciliar las almas entre s\u00ed y contigo; danos a nosotros el ser mensajeros de uni\u00f3n y de paz en nuestros ambientes, sobre todo en el hogar, y el poder llevar a ti los corazones de nuestros hermanos con el ejemplo de nuestra vida.<\/p>\n<p>T\u00fa que hiciste a M\u00f3nica modelo y ejemplo de esposas, de madres y de viudas, concede por su intercesi\u00f3n la paz y mutuo amor a los casados; el celo y la solicitud en la educaci\u00f3n de los hijos, a las madres; obediencia y docilidad, a los hijos; la santidad de vida, a las viudas; y a todos, el fiel seguimiento de Cristo, nuestro \u00fanico y verdadero maestro. Te lo pedimos por el mismo Jesucristo Nuestro Se\u00f1or. Am\u00e9n.<\/p>\n<p><strong>2. Textos b\u00edblicos y agustinianos para el tercer d\u00eda<\/strong><\/p>\n<p><strong>SANTA M\u00d3NICA, SEMBRADORA DE COMPRENSI\u00d3N Y RECONCILIACI\u00d3N<\/strong> <strong>(pacificadora)<\/strong><\/p>\n<p><strong><em>1.- Textos b\u00edblicos para la misa<\/em><\/strong><\/p>\n<p>\u2022 Del libro del Eclesi\u00e1stico 26, 1-4; 16-21. El sol brilla en el cielo; la mujer bella en su casa bien arreglada. M. Ag. p. 72.<br \/>\n\u2022 Salmo 137, 1.3.8. M. Ag. p. 73<br \/>\n\u2022 Marcos 3, 32-35. \u00bfQui\u00e9n es mi madre y qui\u00e9nes son mis hermanos?<\/p>\n<p><strong><em>2.- Textos agustinianos<\/em><\/strong><\/p>\n<p>\u201cA esta tu buena sierva, en cuyo seno me creaste, Dios m\u00edo y misericordia m\u00eda, le hab\u00edas regalado tambi\u00e9n este hermoso don: siempre que le era posible, se las ingeniaba para poner en juego sus dotes pacificadoras entre cualquier tipo de personas que estuviesen en discordia o disidencia.<\/p>\n<p>Del c\u00famulo de recriminaciones \u00e1cidas que suele respirar la desavenencia tensa, cuando desahoga al exterior la crudeza de los odios con un lenguaje lleno de amargura frente a la amiga, mi madre no refer\u00eda de la otra lo que no sirviera para reconciliarlas a ambas.<\/p>\n<p>Por \u00faltimo, tambi\u00e9n conquist\u00f3 para ti a su marido, que se hallaba en los \u00faltimos d\u00edas de su vida temporal. Bautizado ya, no tuvo que llorar en \u00e9l las ofensas que se vio obligada a tolerar en su persona antes del bautismo. Adem\u00e1s, era sierva de tus siervos. Todos cuantos la conoc\u00edan hallaban en ella motivos sobrados para alabarte, honrarte y amarte. Sent\u00eda tu presencia en su coraz\u00f3n por el testimonio de los frutos de una conducta santa.<\/p>\n<p>Hab\u00eda sido mujer de un solo hombre, hab\u00eda rendido a sus padres los debidos respetos, hab\u00eda gobernado su casa piadosamente y contaba con el testimonio de las buenas obras. Hab\u00eda criado a sus hijos, d\u00e1ndolos a luz tantas veces cuantas los ve\u00eda apartarse de ti\u201d\u00a0<em>(Confesiones 9, 9).<\/em><\/p>\n<p><em>Se pide la gracia que se desea alcanzar (pausa).<\/em><\/p>\n<p><strong>3. Oraci\u00f3n de los fieles<\/strong><\/p>\n<p>Dios, Nuestro Se\u00f1or, concedi\u00f3 a santa M\u00f3nica la conversi\u00f3n de su esposo Patricio y de su hijo Agust\u00edn. Pidamos por intercesi\u00f3n de ella un esp\u00edritu de verdadera conversi\u00f3n y una verdadera comprensi\u00f3n y amor a los dem\u00e1s.<\/p>\n<p>Despu\u00e9s de cada invocaci\u00f3n:\u00a0<em>Se\u00f1or, que tu gracia nos santifique.<\/em><\/p>\n<p>\u2013 Por todos los c\u00f3nyuges cristianos que tienen dificultades en su vida familiar, para que sepan ofrecerse mutuamente consuelo y ayuda. Oremos.<br \/>\nR.\u00a0<em>Se\u00f1or, que tu gracia nos santifique.<\/em><\/p>\n<p>\u2013 Por todas las madres cristianas del mundo, para que sepan conducir a sus hijos hacia ti. Oremos.<br \/>\nR.\u00a0<em>Se\u00f1or, que tu gracia nos santifique.<\/em><\/p>\n<p>\u2013 Por cuantos sufren soledad y abandono en la sociedad o sufren por las debilidades morales de sus seres queridos. Oremos.<br \/>\nR.\u00a0<em>Se\u00f1or, que tu gracia nos santifique.<\/em><\/p>\n<p>\u2013 Por todos los que buscan la verdad y trabajan por ser fieles a tus preceptos y ense\u00f1anzas. Oremos.<br \/>\nR.\u00a0<em>Se\u00f1or, que tu gracia nos santifique.<\/em><\/p>\n<p>\u2013 Por el florecimiento de vocaciones a la vida agustino-recoleta seglar y religiosa, y por la perseverancia y fidelidad de cuantos se han comprometido a seguir a Cristo imitando a san Agust\u00edn. Oremos.<br \/>\nR.\u00a0<em>Se\u00f1or, que tu gracia nos santifique.<\/em><\/p>\n<p>\u2013 Por la paz, serenidad y la mutua uni\u00f3n y comprensi\u00f3n en las familias entre maridos y esposas, entre padres e hijos. Oremos.<br \/>\nR.\u00a0<em>Se\u00f1or, que tu gracia nos santifique.<\/em><\/p>\n<p>4.\u00a0<strong>Oraci\u00f3n final<\/strong><\/p>\n<p>Escucha, Padre de bondad, nuestras oraciones, y t\u00fa que concediste a santa M\u00f3nica que con su vida, sus oraciones y sus l\u00e1grimas ganara para ti a su marido Patricio y a su hijo Agust\u00edn, conc\u00e9denos, por su intercesi\u00f3n, que hagamos de nuestras vidas una ofrenda perenne en tu honor y al servicio de los hermanos.<br \/>\nPor nuestro Se\u00f1or Jesucristo, tu Hijo, que vive y reina contigo en la unidad del Esp\u00edritu Santo y es Dios por los siglos de los siglos. Am\u00e9n.<\/p>\n<p><strong>Rito de despedida<\/strong><\/p>\n<p>El Se\u00f1or nos bendiga, nos guarde de todo mal y nos lleve a la vida eterna.<br \/>\nAm\u00e9n.<\/p>\n<p>V. Bienaventurada santa M\u00f3nica<br \/>\nR. Ruega por nosotros.<br \/>\nV. Glorioso padre san Agust\u00edn<br \/>\nR. Ruega por nosotros.<\/p>\n","protected":false},"excerpt":{"rendered":"<p>&nbsp; Modelo de esposa y madre cristiana Con textos b\u00edblicos para la misa NOTA: Con esta novena nos unimos a todas las mujeres que desean sinceramente ser fieles a su vocaci\u00f3n de esposas y de madres cristianas. Asumimos sus alegr\u00edas y sus penas y les animamos a seguir los ejemplos de Santa M\u00f3nica. Que sus [&hellip;]<\/p>\n","protected":false},"author":1,"featured_media":0,"comment_status":"open","ping_status":"closed","sticky":false,"template":"","format":"standard","meta":{"_et_pb_use_builder":"","_et_pb_old_content":"","_et_gb_content_width":"","cybocfi_hide_featured_image":"","_jetpack_memberships_contains_paid_content":false,"footnotes":""},"categories":[11,25,14],"tags":[],"class_list":["post-1064","post","type-post","status-publish","format-standard","hentry","category-madres-monicas","category-novenas","category-santa-monica"],"yoast_head":"<!-- This site is optimized with the Yoast SEO plugin v27.5 - https:\/\/yoast.com\/product\/yoast-seo-wordpress\/ -->\n<title>NOVENA A SANTA MONICA (3\/9) - Parroquia de Santa M\u00f3nica Agustinos Recoletos<\/title>\n<meta name=\"description\" content=\"Novena Santa M\u00f3nica modelo madre y esposa cristiana. Fiesta 27 agosto. Oraci\u00f3n por la familia. Sembradora de Paz y comprensi\u00f3n. Pacificadora.\" \/>\n<meta name=\"robots\" content=\"index, follow, max-snippet:-1, max-image-preview:large, max-video-preview:-1\" \/>\n<link rel=\"canonical\" href=\"https:\/\/santamonica.archimadrid.es\/index.php\/2022\/08\/20\/novena-a-santa-monica-3\/\" \/>\n<meta property=\"og:locale\" content=\"es_ES\" \/>\n<meta property=\"og:type\" content=\"article\" \/>\n<meta property=\"og:title\" content=\"NOVENA A SANTA MONICA (3\/9) - Parroquia de Santa M\u00f3nica Agustinos Recoletos\" \/>\n<meta property=\"og:description\" content=\"Novena Santa M\u00f3nica modelo madre y esposa cristiana. Fiesta 27 agosto. Oraci\u00f3n por la familia. Sembradora de Paz y comprensi\u00f3n. Pacificadora.\" \/>\n<meta property=\"og:url\" content=\"https:\/\/santamonica.archimadrid.es\/index.php\/2022\/08\/20\/novena-a-santa-monica-3\/\" \/>\n<meta property=\"og:site_name\" content=\"Parroquia de Santa M\u00f3nica Agustinos Recoletos\" \/>\n<meta property=\"article:published_time\" content=\"2022-08-20T07:11:26+00:00\" \/>\n<meta property=\"article:modified_time\" content=\"2022-08-31T21:36:44+00:00\" \/>\n<meta property=\"og:image\" content=\"https:\/\/santamonica.archimadrid.es\/wp-content\/uploads\/2022\/08\/santa.monica.3-199x300.jpg\" \/>\n<meta name=\"author\" content=\"admin\" \/>\n<meta name=\"twitter:card\" content=\"summary_large_image\" \/>\n<meta name=\"twitter:label1\" content=\"Escrito por\" \/>\n\t<meta name=\"twitter:data1\" content=\"admin\" \/>\n\t<meta name=\"twitter:label2\" content=\"Tiempo de lectura\" \/>\n\t<meta name=\"twitter:data2\" content=\"5 minutos\" \/>\n<script type=\"application\/ld+json\" class=\"yoast-schema-graph\">{\"@context\":\"https:\\\/\\\/schema.org\",\"@graph\":[{\"@type\":\"Article\",\"@id\":\"https:\\\/\\\/santamonica.archimadrid.es\\\/index.php\\\/2022\\\/08\\\/20\\\/novena-a-santa-monica-3\\\/#article\",\"isPartOf\":{\"@id\":\"https:\\\/\\\/santamonica.archimadrid.es\\\/index.php\\\/2022\\\/08\\\/20\\\/novena-a-santa-monica-3\\\/\"},\"author\":{\"name\":\"admin\",\"@id\":\"https:\\\/\\\/santamonica.archimadrid.es\\\/#\\\/schema\\\/person\\\/4927175b4d58d4c40097a9455f609de3\"},\"headline\":\"NOVENA A SANTA MONICA (3\\\/9)\",\"datePublished\":\"2022-08-20T07:11:26+00:00\",\"dateModified\":\"2022-08-31T21:36:44+00:00\",\"mainEntityOfPage\":{\"@id\":\"https:\\\/\\\/santamonica.archimadrid.es\\\/index.php\\\/2022\\\/08\\\/20\\\/novena-a-santa-monica-3\\\/\"},\"wordCount\":1002,\"commentCount\":0,\"publisher\":{\"@id\":\"https:\\\/\\\/santamonica.archimadrid.es\\\/#organization\"},\"image\":{\"@id\":\"https:\\\/\\\/santamonica.archimadrid.es\\\/index.php\\\/2022\\\/08\\\/20\\\/novena-a-santa-monica-3\\\/#primaryimage\"},\"thumbnailUrl\":\"https:\\\/\\\/santamonica.archimadrid.es\\\/wp-content\\\/uploads\\\/2022\\\/08\\\/santa.monica.3-199x300.jpg\",\"articleSection\":[\"Madres M\u00f3nicas\",\"Novenas\",\"Santa M\u00f3nica\"],\"inLanguage\":\"es\",\"potentialAction\":[{\"@type\":\"CommentAction\",\"name\":\"Comment\",\"target\":[\"https:\\\/\\\/santamonica.archimadrid.es\\\/index.php\\\/2022\\\/08\\\/20\\\/novena-a-santa-monica-3\\\/#respond\"]}]},{\"@type\":\"WebPage\",\"@id\":\"https:\\\/\\\/santamonica.archimadrid.es\\\/index.php\\\/2022\\\/08\\\/20\\\/novena-a-santa-monica-3\\\/\",\"url\":\"https:\\\/\\\/santamonica.archimadrid.es\\\/index.php\\\/2022\\\/08\\\/20\\\/novena-a-santa-monica-3\\\/\",\"name\":\"NOVENA A SANTA MONICA (3\\\/9) - Parroquia de Santa M\u00f3nica Agustinos Recoletos\",\"isPartOf\":{\"@id\":\"https:\\\/\\\/santamonica.archimadrid.es\\\/#website\"},\"primaryImageOfPage\":{\"@id\":\"https:\\\/\\\/santamonica.archimadrid.es\\\/index.php\\\/2022\\\/08\\\/20\\\/novena-a-santa-monica-3\\\/#primaryimage\"},\"image\":{\"@id\":\"https:\\\/\\\/santamonica.archimadrid.es\\\/index.php\\\/2022\\\/08\\\/20\\\/novena-a-santa-monica-3\\\/#primaryimage\"},\"thumbnailUrl\":\"https:\\\/\\\/santamonica.archimadrid.es\\\/wp-content\\\/uploads\\\/2022\\\/08\\\/santa.monica.3-199x300.jpg\",\"datePublished\":\"2022-08-20T07:11:26+00:00\",\"dateModified\":\"2022-08-31T21:36:44+00:00\",\"description\":\"Novena Santa M\u00f3nica modelo madre y esposa cristiana. Fiesta 27 agosto. Oraci\u00f3n por la familia. Sembradora de Paz y comprensi\u00f3n. Pacificadora.\",\"breadcrumb\":{\"@id\":\"https:\\\/\\\/santamonica.archimadrid.es\\\/index.php\\\/2022\\\/08\\\/20\\\/novena-a-santa-monica-3\\\/#breadcrumb\"},\"inLanguage\":\"es\",\"potentialAction\":[{\"@type\":\"ReadAction\",\"target\":[\"https:\\\/\\\/santamonica.archimadrid.es\\\/index.php\\\/2022\\\/08\\\/20\\\/novena-a-santa-monica-3\\\/\"]}]},{\"@type\":\"ImageObject\",\"inLanguage\":\"es\",\"@id\":\"https:\\\/\\\/santamonica.archimadrid.es\\\/index.php\\\/2022\\\/08\\\/20\\\/novena-a-santa-monica-3\\\/#primaryimage\",\"url\":\"https:\\\/\\\/santamonica.archimadrid.es\\\/wp-content\\\/uploads\\\/2022\\\/08\\\/santa.monica.3.jpg\",\"contentUrl\":\"https:\\\/\\\/santamonica.archimadrid.es\\\/wp-content\\\/uploads\\\/2022\\\/08\\\/santa.monica.3.jpg\",\"width\":227,\"height\":342},{\"@type\":\"BreadcrumbList\",\"@id\":\"https:\\\/\\\/santamonica.archimadrid.es\\\/index.php\\\/2022\\\/08\\\/20\\\/novena-a-santa-monica-3\\\/#breadcrumb\",\"itemListElement\":[{\"@type\":\"ListItem\",\"position\":1,\"name\":\"Portada\",\"item\":\"https:\\\/\\\/santamonica.archimadrid.es\\\/\"},{\"@type\":\"ListItem\",\"position\":2,\"name\":\"NOVENA A SANTA MONICA (3\\\/9)\"}]},{\"@type\":\"WebSite\",\"@id\":\"https:\\\/\\\/santamonica.archimadrid.es\\\/#website\",\"url\":\"https:\\\/\\\/santamonica.archimadrid.es\\\/\",\"name\":\"Parroquia de Santa M\u00f3nica Agustinos Recoletos\",\"description\":\"P\u00e1gina oficial de la Parroquia Santa M\u00f3nica. Actividades parroquiales, noticias de la parroquia y de la iglesia. Servicios Parroquiales. Sacramentos. Devoci\u00f3n a Santa M\u00f3nica, madre de San Agust\u00edn. Promoci\u00f3n Madres Cristianas Santa M\u00f3nica. Oraci\u00f3n por la fe de los hijos y de las familias Devoci\u00f3n a San Ezequiel Moreno. Oraci\u00f3n por los enfermos.\",\"publisher\":{\"@id\":\"https:\\\/\\\/santamonica.archimadrid.es\\\/#organization\"},\"potentialAction\":[{\"@type\":\"SearchAction\",\"target\":{\"@type\":\"EntryPoint\",\"urlTemplate\":\"https:\\\/\\\/santamonica.archimadrid.es\\\/?s={search_term_string}\"},\"query-input\":{\"@type\":\"PropertyValueSpecification\",\"valueRequired\":true,\"valueName\":\"search_term_string\"}}],\"inLanguage\":\"es\"},{\"@type\":\"Organization\",\"@id\":\"https:\\\/\\\/santamonica.archimadrid.es\\\/#organization\",\"name\":\"Parroquia de Santa M\u00f3nica Agustinos Recoletos\",\"url\":\"https:\\\/\\\/santamonica.archimadrid.es\\\/\",\"logo\":{\"@type\":\"ImageObject\",\"inLanguage\":\"es\",\"@id\":\"https:\\\/\\\/santamonica.archimadrid.es\\\/#\\\/schema\\\/logo\\\/image\\\/\",\"url\":\"https:\\\/\\\/santamonica.archimadrid.es\\\/wp-content\\\/uploads\\\/2022\\\/09\\\/icono_parroquia_tamonica-1.jpg\",\"contentUrl\":\"https:\\\/\\\/santamonica.archimadrid.es\\\/wp-content\\\/uploads\\\/2022\\\/09\\\/icono_parroquia_tamonica-1.jpg\",\"width\":1440,\"height\":1776,\"caption\":\"Parroquia de Santa M\u00f3nica Agustinos Recoletos\"},\"image\":{\"@id\":\"https:\\\/\\\/santamonica.archimadrid.es\\\/#\\\/schema\\\/logo\\\/image\\\/\"}},{\"@type\":\"Person\",\"@id\":\"https:\\\/\\\/santamonica.archimadrid.es\\\/#\\\/schema\\\/person\\\/4927175b4d58d4c40097a9455f609de3\",\"name\":\"admin\",\"image\":{\"@type\":\"ImageObject\",\"inLanguage\":\"es\",\"@id\":\"https:\\\/\\\/secure.gravatar.com\\\/avatar\\\/7898691b75ee12f4c1b3d2e97ebe759359e855b227fcc4e81d27339110715d2a?s=96&d=mm&r=g\",\"url\":\"https:\\\/\\\/secure.gravatar.com\\\/avatar\\\/7898691b75ee12f4c1b3d2e97ebe759359e855b227fcc4e81d27339110715d2a?s=96&d=mm&r=g\",\"contentUrl\":\"https:\\\/\\\/secure.gravatar.com\\\/avatar\\\/7898691b75ee12f4c1b3d2e97ebe759359e855b227fcc4e81d27339110715d2a?s=96&d=mm&r=g\",\"caption\":\"admin\"},\"sameAs\":[\"https:\\\/\\\/santamonica.archimadrid.es\"],\"url\":\"https:\\\/\\\/santamonica.archimadrid.es\\\/index.php\\\/author\\\/stamonica\\\/\"}]}<\/script>\n<!-- \/ Yoast SEO plugin. -->","yoast_head_json":{"title":"NOVENA A SANTA MONICA (3\/9) - Parroquia de Santa M\u00f3nica Agustinos Recoletos","description":"Novena Santa M\u00f3nica modelo madre y esposa cristiana. Fiesta 27 agosto. Oraci\u00f3n por la familia. Sembradora de Paz y comprensi\u00f3n. Pacificadora.","robots":{"index":"index","follow":"follow","max-snippet":"max-snippet:-1","max-image-preview":"max-image-preview:large","max-video-preview":"max-video-preview:-1"},"canonical":"https:\/\/santamonica.archimadrid.es\/index.php\/2022\/08\/20\/novena-a-santa-monica-3\/","og_locale":"es_ES","og_type":"article","og_title":"NOVENA A SANTA MONICA (3\/9) - Parroquia de Santa M\u00f3nica Agustinos Recoletos","og_description":"Novena Santa M\u00f3nica modelo madre y esposa cristiana. Fiesta 27 agosto. Oraci\u00f3n por la familia. Sembradora de Paz y comprensi\u00f3n. Pacificadora.","og_url":"https:\/\/santamonica.archimadrid.es\/index.php\/2022\/08\/20\/novena-a-santa-monica-3\/","og_site_name":"Parroquia de Santa M\u00f3nica Agustinos Recoletos","article_published_time":"2022-08-20T07:11:26+00:00","article_modified_time":"2022-08-31T21:36:44+00:00","og_image":[{"url":"https:\/\/santamonica.archimadrid.es\/wp-content\/uploads\/2022\/08\/santa.monica.3-199x300.jpg","type":"","width":"","height":""}],"author":"admin","twitter_card":"summary_large_image","twitter_misc":{"Escrito por":"admin","Tiempo de lectura":"5 minutos"},"schema":{"@context":"https:\/\/schema.org","@graph":[{"@type":"Article","@id":"https:\/\/santamonica.archimadrid.es\/index.php\/2022\/08\/20\/novena-a-santa-monica-3\/#article","isPartOf":{"@id":"https:\/\/santamonica.archimadrid.es\/index.php\/2022\/08\/20\/novena-a-santa-monica-3\/"},"author":{"name":"admin","@id":"https:\/\/santamonica.archimadrid.es\/#\/schema\/person\/4927175b4d58d4c40097a9455f609de3"},"headline":"NOVENA A SANTA MONICA (3\/9)","datePublished":"2022-08-20T07:11:26+00:00","dateModified":"2022-08-31T21:36:44+00:00","mainEntityOfPage":{"@id":"https:\/\/santamonica.archimadrid.es\/index.php\/2022\/08\/20\/novena-a-santa-monica-3\/"},"wordCount":1002,"commentCount":0,"publisher":{"@id":"https:\/\/santamonica.archimadrid.es\/#organization"},"image":{"@id":"https:\/\/santamonica.archimadrid.es\/index.php\/2022\/08\/20\/novena-a-santa-monica-3\/#primaryimage"},"thumbnailUrl":"https:\/\/santamonica.archimadrid.es\/wp-content\/uploads\/2022\/08\/santa.monica.3-199x300.jpg","articleSection":["Madres M\u00f3nicas","Novenas","Santa M\u00f3nica"],"inLanguage":"es","potentialAction":[{"@type":"CommentAction","name":"Comment","target":["https:\/\/santamonica.archimadrid.es\/index.php\/2022\/08\/20\/novena-a-santa-monica-3\/#respond"]}]},{"@type":"WebPage","@id":"https:\/\/santamonica.archimadrid.es\/index.php\/2022\/08\/20\/novena-a-santa-monica-3\/","url":"https:\/\/santamonica.archimadrid.es\/index.php\/2022\/08\/20\/novena-a-santa-monica-3\/","name":"NOVENA A SANTA MONICA (3\/9) - Parroquia de Santa M\u00f3nica Agustinos Recoletos","isPartOf":{"@id":"https:\/\/santamonica.archimadrid.es\/#website"},"primaryImageOfPage":{"@id":"https:\/\/santamonica.archimadrid.es\/index.php\/2022\/08\/20\/novena-a-santa-monica-3\/#primaryimage"},"image":{"@id":"https:\/\/santamonica.archimadrid.es\/index.php\/2022\/08\/20\/novena-a-santa-monica-3\/#primaryimage"},"thumbnailUrl":"https:\/\/santamonica.archimadrid.es\/wp-content\/uploads\/2022\/08\/santa.monica.3-199x300.jpg","datePublished":"2022-08-20T07:11:26+00:00","dateModified":"2022-08-31T21:36:44+00:00","description":"Novena Santa M\u00f3nica modelo madre y esposa cristiana. Fiesta 27 agosto. Oraci\u00f3n por la familia. Sembradora de Paz y comprensi\u00f3n. Pacificadora.","breadcrumb":{"@id":"https:\/\/santamonica.archimadrid.es\/index.php\/2022\/08\/20\/novena-a-santa-monica-3\/#breadcrumb"},"inLanguage":"es","potentialAction":[{"@type":"ReadAction","target":["https:\/\/santamonica.archimadrid.es\/index.php\/2022\/08\/20\/novena-a-santa-monica-3\/"]}]},{"@type":"ImageObject","inLanguage":"es","@id":"https:\/\/santamonica.archimadrid.es\/index.php\/2022\/08\/20\/novena-a-santa-monica-3\/#primaryimage","url":"https:\/\/santamonica.archimadrid.es\/wp-content\/uploads\/2022\/08\/santa.monica.3.jpg","contentUrl":"https:\/\/santamonica.archimadrid.es\/wp-content\/uploads\/2022\/08\/santa.monica.3.jpg","width":227,"height":342},{"@type":"BreadcrumbList","@id":"https:\/\/santamonica.archimadrid.es\/index.php\/2022\/08\/20\/novena-a-santa-monica-3\/#breadcrumb","itemListElement":[{"@type":"ListItem","position":1,"name":"Portada","item":"https:\/\/santamonica.archimadrid.es\/"},{"@type":"ListItem","position":2,"name":"NOVENA A SANTA MONICA (3\/9)"}]},{"@type":"WebSite","@id":"https:\/\/santamonica.archimadrid.es\/#website","url":"https:\/\/santamonica.archimadrid.es\/","name":"Parroquia de Santa M\u00f3nica Agustinos Recoletos","description":"P\u00e1gina oficial de la Parroquia Santa M\u00f3nica. Actividades parroquiales, noticias de la parroquia y de la iglesia. Servicios Parroquiales. Sacramentos. Devoci\u00f3n a Santa M\u00f3nica, madre de San Agust\u00edn. Promoci\u00f3n Madres Cristianas Santa M\u00f3nica. Oraci\u00f3n por la fe de los hijos y de las familias Devoci\u00f3n a San Ezequiel Moreno. Oraci\u00f3n por los enfermos.","publisher":{"@id":"https:\/\/santamonica.archimadrid.es\/#organization"},"potentialAction":[{"@type":"SearchAction","target":{"@type":"EntryPoint","urlTemplate":"https:\/\/santamonica.archimadrid.es\/?s={search_term_string}"},"query-input":{"@type":"PropertyValueSpecification","valueRequired":true,"valueName":"search_term_string"}}],"inLanguage":"es"},{"@type":"Organization","@id":"https:\/\/santamonica.archimadrid.es\/#organization","name":"Parroquia de Santa M\u00f3nica Agustinos Recoletos","url":"https:\/\/santamonica.archimadrid.es\/","logo":{"@type":"ImageObject","inLanguage":"es","@id":"https:\/\/santamonica.archimadrid.es\/#\/schema\/logo\/image\/","url":"https:\/\/santamonica.archimadrid.es\/wp-content\/uploads\/2022\/09\/icono_parroquia_tamonica-1.jpg","contentUrl":"https:\/\/santamonica.archimadrid.es\/wp-content\/uploads\/2022\/09\/icono_parroquia_tamonica-1.jpg","width":1440,"height":1776,"caption":"Parroquia de Santa M\u00f3nica Agustinos Recoletos"},"image":{"@id":"https:\/\/santamonica.archimadrid.es\/#\/schema\/logo\/image\/"}},{"@type":"Person","@id":"https:\/\/santamonica.archimadrid.es\/#\/schema\/person\/4927175b4d58d4c40097a9455f609de3","name":"admin","image":{"@type":"ImageObject","inLanguage":"es","@id":"https:\/\/secure.gravatar.com\/avatar\/7898691b75ee12f4c1b3d2e97ebe759359e855b227fcc4e81d27339110715d2a?s=96&d=mm&r=g","url":"https:\/\/secure.gravatar.com\/avatar\/7898691b75ee12f4c1b3d2e97ebe759359e855b227fcc4e81d27339110715d2a?s=96&d=mm&r=g","contentUrl":"https:\/\/secure.gravatar.com\/avatar\/7898691b75ee12f4c1b3d2e97ebe759359e855b227fcc4e81d27339110715d2a?s=96&d=mm&r=g","caption":"admin"},"sameAs":["https:\/\/santamonica.archimadrid.es"],"url":"https:\/\/santamonica.archimadrid.es\/index.php\/author\/stamonica\/"}]}},"jetpack_featured_media_url":"","jetpack_sharing_enabled":true,"_links":{"self":[{"href":"https:\/\/santamonica.archimadrid.es\/index.php\/wp-json\/wp\/v2\/posts\/1064","targetHints":{"allow":["GET"]}}],"collection":[{"href":"https:\/\/santamonica.archimadrid.es\/index.php\/wp-json\/wp\/v2\/posts"}],"about":[{"href":"https:\/\/santamonica.archimadrid.es\/index.php\/wp-json\/wp\/v2\/types\/post"}],"author":[{"embeddable":true,"href":"https:\/\/santamonica.archimadrid.es\/index.php\/wp-json\/wp\/v2\/users\/1"}],"replies":[{"embeddable":true,"href":"https:\/\/santamonica.archimadrid.es\/index.php\/wp-json\/wp\/v2\/comments?post=1064"}],"version-history":[{"count":5,"href":"https:\/\/santamonica.archimadrid.es\/index.php\/wp-json\/wp\/v2\/posts\/1064\/revisions"}],"predecessor-version":[{"id":1171,"href":"https:\/\/santamonica.archimadrid.es\/index.php\/wp-json\/wp\/v2\/posts\/1064\/revisions\/1171"}],"wp:attachment":[{"href":"https:\/\/santamonica.archimadrid.es\/index.php\/wp-json\/wp\/v2\/media?parent=1064"}],"wp:term":[{"taxonomy":"category","embeddable":true,"href":"https:\/\/santamonica.archimadrid.es\/index.php\/wp-json\/wp\/v2\/categories?post=1064"},{"taxonomy":"post_tag","embeddable":true,"href":"https:\/\/santamonica.archimadrid.es\/index.php\/wp-json\/wp\/v2\/tags?post=1064"}],"curies":[{"name":"wp","href":"https:\/\/api.w.org\/{rel}","templated":true}]}}